{"id":76,"date":"2018-09-22T13:40:37","date_gmt":"2018-09-22T11:40:37","guid":{"rendered":"https:\/\/secontrade.com\/blog\/?p=76"},"modified":"2023-01-11T16:31:32","modified_gmt":"2023-01-11T15:31:32","slug":"von-re-use-zu-recycling-kreislaufwirtschaft-in-europa","status":"publish","type":"post","link":"https:\/\/secontrade.com\/blog\/2018\/09\/22\/von-re-use-zu-recycling-kreislaufwirtschaft-in-europa\/","title":{"rendered":"Von Re-Use zu Recycling: Kreislaufwirtschaft in Europa"},"content":{"rendered":"\n<h3 class=\"wp-block-heading\"><strong>\u201eKreislaufwirtschaft betrifft uns alle\u201c<\/strong><\/h3>\n\n\n\n<p>Am 20. September 2018 fand der internationale Kongress \u201eBringing the Action Plan to life: Toward a fact based circular economy\u201c \u00a0zum Thema Kreislaufwirtschaft im Rahmen der EU-Ratspr\u00e4sidentschaft statt. Neben SECONTRADE waren rund 400 Experten aus 40 verschiedenen L\u00e4ndern, mitunter Nachhaltigkeitsministerin Elisabeth K\u00f6stinger, vertreten und diskutierten den EU Aktionsplan f\u00fcr die Kreislaufwirtschaft in Europa.<\/p>\n\n\n\n<h3 class=\"wp-block-heading\"><strong>Abfall in \u00d6sterreich<\/strong><\/h3>\n\n\n\n<p>Aktuell werden von den rund 4,3 Millionen Tonnen Abfall, die in \u00f6sterreichischen Haushalten jedes Jahr entstehen, insgesamt circa 90 Prozent wiederverwendet, wodurch \u00d6sterreich zu den Pionieren im internationalen, abfallwirtschaftlichen Vergleich z\u00e4hlt. Aufgrund der akkuraten M\u00fclltrennung k\u00f6nnen z.B. Altpapier und -kartonagen fast zur G\u00e4nze in neue Papierprodukte verwandelt werden. Eines der wichtigsten recycelbaren G\u00fcter ist Aluminium: Das wiedereinschmelzen ben\u00f6tigt nur 5% des Energiebedarfs der Gewinnung von neuem <a href=\"https:\/\/secontrade.com\/materialien\/aluminium\">Aluminium<\/a>.<\/p>\n\n\n\n<h3 class=\"wp-block-heading\"><strong>Von Re-Use zu Recycling<\/strong><\/h3>\n\n\n\n<p>Kreislaufwirtschaft bedeutet, Produkte so zu gestalten, dass sie langlebiger sind, gegebenenfalls leichter repariert werden k\u00f6nnen und am Ende des Zyklus besser Recycelt werden k\u00f6nnen. Dadurch k\u00f6nnen wertvolle Rohstoffe wiedergewonnen werden &#8211; sogenannte Sekund\u00e4r-Rohstoffe.<br><em>&#8222;L\u00e4ngere Lebenszyklen machen nicht nur aus \u00f6kologischer und \u00f6konomischer Sicht Sinn: Auch die Konsumentinnen und Konsumenten profitieren von langlebigen und innovativen Produkten\u201c, <\/em>erkl\u00e4rt Nachhaltigkeitsministerin Elisabeth K\u00f6stinger.<br>Mit SECONTRADE existiert eine Plattform, die europaweit Anbieter und Nachfrager von Sekund\u00e4r-Rohstoffen verbindet, ihnen bei der Vernetzung hilft und dadurch den Einsatz von recycelten Materialien f\u00f6rdert.<\/p>\n\n\n\n<figure class=\"wp-block-image alignnone size-full wp-image-77\"><picture><source srcset=\"https:\/\/secontrade.com\/blog\/wp-content\/uploads\/2018\/10\/Foto-Zugeschnitten.webp 893w, https:\/\/secontrade.com\/blog\/wp-content\/uploads\/2018\/10\/Foto-Zugeschnitten-768x371.png 768w\" sizes=\"auto, (max-width: 893px) 100vw, 893px\" type=\"image\/webp\"><img src=\"https:\/\/secontrade.com\/blog\/wp-content\/uploads\/2018\/10\/Foto-Zugeschnitten.png\" height=\"431\" width=\"893\" srcset=\"https:\/\/secontrade.com\/blog\/wp-content\/uploads\/2018\/10\/Foto-Zugeschnitten.png 893w, https:\/\/secontrade.com\/blog\/wp-content\/uploads\/2018\/10\/Foto-Zugeschnitten-768x371.png 768w\" sizes=\"auto, (max-width: 893px) 100vw, 893px\" class=\"wp-image-77 sp-no-webp\" alt=\"\" loading=\"lazy\" decoding=\"async\"  > <\/picture><figcaption class=\"wp-element-caption\"><em>Mag. Brigitte Reich (links) und Mag. Marion Mitsch (rechts) beim Kongress zur Kreislaufwirtschaft<\/em><\/figcaption><\/figure>\n","protected":false},"excerpt":{"rendered":"<p>\u201eKreislaufwirtschaft betrifft uns alle\u201c. Am 20. September 2018 fand der internationale Kongress \u201eBringing the Action Plan to life: Toward a fact based circular economy\u201c \u00a0zum Thema Kreislaufwirtschaft im Rahmen &#8230;<\/p>\n","protected":false},"author":1,"featured_media":582,"comment_status":"open","ping_status":"closed","sticky":false,"template":"","format":"standard","meta":{"footnotes":""},"categories":[1],"tags":[],"class_list":["post-76","post","type-post","status-publish","format-standard","has-post-thumbnail","hentry","category-allgemein"],"polylang_current_lang":"de_DE","polylang_translations":[{"locale":"de_DE","id":76}],"featured_image_src":"https:\/\/secontrade.com\/blog\/wp-content\/uploads\/2018\/09\/Circular-Economy_Blog-neu-290x220.jpg","yoast_head":"<!-- This site is optimized with the Yoast SEO plugin v27.4 - https:\/\/yoast.com\/product\/yoast-seo-wordpress\/ -->\n<title>Von Re-Use zu Recycling: Kreislaufwirtschaft in Europa - SECONTRADE Blog<\/title>\n<meta name=\"description\" content=\"\u201eKreislaufwirtschaft betrifft uns alle\u201c. Am 20. September 2018 fand der internationale Kongress \u201eBringing the Action Plan to life: Toward a fact based circular economy\u201c \u00a0zum Thema Kreislaufwirtschaft im Rahmen ...\" \/>\n<meta name=\"robots\" content=\"index, follow, max-snippet:-1, max-image-preview:large, max-video-preview:-1\" \/>\n<link rel=\"canonical\" href=\"https:\/\/secontrade.com\/blog\/2018\/09\/22\/von-re-use-zu-recycling-kreislaufwirtschaft-in-europa\/\" \/>\n<meta property=\"og:locale\" content=\"de_DE\" \/>\n<meta property=\"og:type\" content=\"article\" \/>\n<meta property=\"og:title\" content=\"Von Re-Use zu Recycling: Kreislaufwirtschaft in Europa - SECONTRADE Blog\" \/>\n<meta property=\"og:description\" content=\"\u201eKreislaufwirtschaft betrifft uns alle\u201c. Am 20. September 2018 fand der internationale Kongress \u201eBringing the Action Plan to life: Toward a fact based circular economy\u201c \u00a0zum Thema Kreislaufwirtschaft im Rahmen ...\" \/>\n<meta property=\"og:url\" content=\"https:\/\/secontrade.com\/blog\/2018\/09\/22\/von-re-use-zu-recycling-kreislaufwirtschaft-in-europa\/\" \/>\n<meta property=\"og:site_name\" content=\"SECONTRADE Blog\" \/>\n<meta property=\"article:published_time\" content=\"2018-09-22T11:40:37+00:00\" \/>\n<meta property=\"article:modified_time\" content=\"2023-01-11T15:31:32+00:00\" \/>\n<meta property=\"og:image\" content=\"https:\/\/secontrade.com\/blog\/wp-content\/uploads\/2018\/09\/Circular-Economy_Blog-neu.jpg\" \/>\n\t<meta property=\"og:image:width\" content=\"414\" \/>\n\t<meta property=\"og:image:height\" content=\"310\" \/>\n\t<meta property=\"og:image:type\" content=\"image\/jpeg\" \/>\n<meta name=\"author\" content=\"2nd-trader-one\" \/>\n<meta name=\"twitter:card\" content=\"summary_large_image\" \/>\n<meta name=\"twitter:label1\" content=\"Verfasst von\" \/>\n\t<meta name=\"twitter:data1\" content=\"2nd-trader-one\" \/>\n\t<meta name=\"twitter:label2\" content=\"Gesch\u00e4tzte Lesezeit\" \/>\n\t<meta name=\"twitter:data2\" content=\"2\u00a0Minuten\" \/>\n<script type=\"application\/ld+json\" class=\"yoast-schema-graph\">{\"@context\":\"https:\\\/\\\/schema.org\",\"@graph\":[{\"@type\":\"Article\",\"@id\":\"https:\\\/\\\/secontrade.com\\\/blog\\\/2018\\\/09\\\/22\\\/von-re-use-zu-recycling-kreislaufwirtschaft-in-europa\\\/#article\",\"isPartOf\":{\"@id\":\"https:\\\/\\\/secontrade.com\\\/blog\\\/2018\\\/09\\\/22\\\/von-re-use-zu-recycling-kreislaufwirtschaft-in-europa\\\/\"},\"author\":{\"name\":\"2nd-trader-one\",\"@id\":\"https:\\\/\\\/secontrade.com\\\/blog\\\/#\\\/schema\\\/person\\\/d428b763799c0dcf6c1663e3d4fdf231\"},\"headline\":\"Von Re-Use zu Recycling: Kreislaufwirtschaft in Europa\",\"datePublished\":\"2018-09-22T11:40:37+00:00\",\"dateModified\":\"2023-01-11T15:31:32+00:00\",\"mainEntityOfPage\":{\"@id\":\"https:\\\/\\\/secontrade.com\\\/blog\\\/2018\\\/09\\\/22\\\/von-re-use-zu-recycling-kreislaufwirtschaft-in-europa\\\/\"},\"wordCount\":249,\"commentCount\":0,\"publisher\":{\"@id\":\"https:\\\/\\\/secontrade.com\\\/blog\\\/#organization\"},\"image\":{\"@id\":\"https:\\\/\\\/secontrade.com\\\/blog\\\/2018\\\/09\\\/22\\\/von-re-use-zu-recycling-kreislaufwirtschaft-in-europa\\\/#primaryimage\"},\"thumbnailUrl\":\"https:\\\/\\\/secontrade.com\\\/blog\\\/wp-content\\\/uploads\\\/2018\\\/09\\\/Circular-Economy_Blog-neu.jpg\",\"inLanguage\":\"de\",\"potentialAction\":[{\"@type\":\"CommentAction\",\"name\":\"Comment\",\"target\":[\"https:\\\/\\\/secontrade.com\\\/blog\\\/2018\\\/09\\\/22\\\/von-re-use-zu-recycling-kreislaufwirtschaft-in-europa\\\/#respond\"]}]},{\"@type\":\"WebPage\",\"@id\":\"https:\\\/\\\/secontrade.com\\\/blog\\\/2018\\\/09\\\/22\\\/von-re-use-zu-recycling-kreislaufwirtschaft-in-europa\\\/\",\"url\":\"https:\\\/\\\/secontrade.com\\\/blog\\\/2018\\\/09\\\/22\\\/von-re-use-zu-recycling-kreislaufwirtschaft-in-europa\\\/\",\"name\":\"Von Re-Use zu Recycling: Kreislaufwirtschaft in Europa - SECONTRADE Blog\",\"isPartOf\":{\"@id\":\"https:\\\/\\\/secontrade.com\\\/blog\\\/#website\"},\"primaryImageOfPage\":{\"@id\":\"https:\\\/\\\/secontrade.com\\\/blog\\\/2018\\\/09\\\/22\\\/von-re-use-zu-recycling-kreislaufwirtschaft-in-europa\\\/#primaryimage\"},\"image\":{\"@id\":\"https:\\\/\\\/secontrade.com\\\/blog\\\/2018\\\/09\\\/22\\\/von-re-use-zu-recycling-kreislaufwirtschaft-in-europa\\\/#primaryimage\"},\"thumbnailUrl\":\"https:\\\/\\\/secontrade.com\\\/blog\\\/wp-content\\\/uploads\\\/2018\\\/09\\\/Circular-Economy_Blog-neu.jpg\",\"datePublished\":\"2018-09-22T11:40:37+00:00\",\"dateModified\":\"2023-01-11T15:31:32+00:00\",\"description\":\"\u201eKreislaufwirtschaft betrifft uns alle\u201c. Am 20. September 2018 fand der internationale Kongress \u201eBringing the Action Plan to life: Toward a fact based circular economy\u201c \u00a0zum Thema Kreislaufwirtschaft im Rahmen ...\",\"breadcrumb\":{\"@id\":\"https:\\\/\\\/secontrade.com\\\/blog\\\/2018\\\/09\\\/22\\\/von-re-use-zu-recycling-kreislaufwirtschaft-in-europa\\\/#breadcrumb\"},\"inLanguage\":\"de\",\"potentialAction\":[{\"@type\":\"ReadAction\",\"target\":[\"https:\\\/\\\/secontrade.com\\\/blog\\\/2018\\\/09\\\/22\\\/von-re-use-zu-recycling-kreislaufwirtschaft-in-europa\\\/\"]}]},{\"@type\":\"ImageObject\",\"inLanguage\":\"de\",\"@id\":\"https:\\\/\\\/secontrade.com\\\/blog\\\/2018\\\/09\\\/22\\\/von-re-use-zu-recycling-kreislaufwirtschaft-in-europa\\\/#primaryimage\",\"url\":\"https:\\\/\\\/secontrade.com\\\/blog\\\/wp-content\\\/uploads\\\/2018\\\/09\\\/Circular-Economy_Blog-neu.jpg\",\"contentUrl\":\"https:\\\/\\\/secontrade.com\\\/blog\\\/wp-content\\\/uploads\\\/2018\\\/09\\\/Circular-Economy_Blog-neu.jpg\",\"width\":414,\"height\":310},{\"@type\":\"BreadcrumbList\",\"@id\":\"https:\\\/\\\/secontrade.com\\\/blog\\\/2018\\\/09\\\/22\\\/von-re-use-zu-recycling-kreislaufwirtschaft-in-europa\\\/#breadcrumb\",\"itemListElement\":[{\"@type\":\"ListItem\",\"position\":1,\"name\":\"Startseite\",\"item\":\"https:\\\/\\\/secontrade.com\\\/blog\\\/en\\\/\"},{\"@type\":\"ListItem\",\"position\":2,\"name\":\"Von Re-Use zu Recycling: Kreislaufwirtschaft in Europa\"}]},{\"@type\":\"WebSite\",\"@id\":\"https:\\\/\\\/secontrade.com\\\/blog\\\/#website\",\"url\":\"https:\\\/\\\/secontrade.com\\\/blog\\\/\",\"name\":\"SECONTRADE Blog\",\"description\":\"Sekund\u00e4r-Rohstoff-Handel\",\"publisher\":{\"@id\":\"https:\\\/\\\/secontrade.com\\\/blog\\\/#organization\"},\"potentialAction\":[{\"@type\":\"SearchAction\",\"target\":{\"@type\":\"EntryPoint\",\"urlTemplate\":\"https:\\\/\\\/secontrade.com\\\/blog\\\/?s={search_term_string}\"},\"query-input\":{\"@type\":\"PropertyValueSpecification\",\"valueRequired\":true,\"valueName\":\"search_term_string\"}}],\"inLanguage\":\"de\"},{\"@type\":\"Organization\",\"@id\":\"https:\\\/\\\/secontrade.com\\\/blog\\\/#organization\",\"name\":\"SECONTRADE\",\"url\":\"https:\\\/\\\/secontrade.com\\\/blog\\\/\",\"logo\":{\"@type\":\"ImageObject\",\"inLanguage\":\"de\",\"@id\":\"https:\\\/\\\/secontrade.com\\\/blog\\\/#\\\/schema\\\/logo\\\/image\\\/\",\"url\":\"https:\\\/\\\/secontrade.com\\\/blog\\\/wp-content\\\/uploads\\\/2018\\\/11\\\/Secontrade_Logo.jpg\",\"contentUrl\":\"https:\\\/\\\/secontrade.com\\\/blog\\\/wp-content\\\/uploads\\\/2018\\\/11\\\/Secontrade_Logo.jpg\",\"width\":1587,\"height\":609,\"caption\":\"SECONTRADE\"},\"image\":{\"@id\":\"https:\\\/\\\/secontrade.com\\\/blog\\\/#\\\/schema\\\/logo\\\/image\\\/\"},\"sameAs\":[\"https:\\\/\\\/www.linkedin.com\\\/company\\\/secontrade-gmbh\\\/\"]},{\"@type\":\"Person\",\"@id\":\"https:\\\/\\\/secontrade.com\\\/blog\\\/#\\\/schema\\\/person\\\/d428b763799c0dcf6c1663e3d4fdf231\",\"name\":\"2nd-trader-one\",\"url\":\"https:\\\/\\\/secontrade.com\\\/blog\\\/author\\\/2nd-trader-one\\\/\"}]}<\/script>\n<!-- \/ Yoast SEO plugin. -->","yoast_head_json":{"title":"Von Re-Use zu Recycling: Kreislaufwirtschaft in Europa - SECONTRADE Blog","description":"\u201eKreislaufwirtschaft betrifft uns alle\u201c. Am 20. September 2018 fand der internationale Kongress \u201eBringing the Action Plan to life: Toward a fact based circular economy\u201c \u00a0zum Thema Kreislaufwirtschaft im Rahmen ...","robots":{"index":"index","follow":"follow","max-snippet":"max-snippet:-1","max-image-preview":"max-image-preview:large","max-video-preview":"max-video-preview:-1"},"canonical":"https:\/\/secontrade.com\/blog\/2018\/09\/22\/von-re-use-zu-recycling-kreislaufwirtschaft-in-europa\/","og_locale":"de_DE","og_type":"article","og_title":"Von Re-Use zu Recycling: Kreislaufwirtschaft in Europa - SECONTRADE Blog","og_description":"\u201eKreislaufwirtschaft betrifft uns alle\u201c. Am 20. September 2018 fand der internationale Kongress \u201eBringing the Action Plan to life: Toward a fact based circular economy\u201c \u00a0zum Thema Kreislaufwirtschaft im Rahmen ...","og_url":"https:\/\/secontrade.com\/blog\/2018\/09\/22\/von-re-use-zu-recycling-kreislaufwirtschaft-in-europa\/","og_site_name":"SECONTRADE Blog","article_published_time":"2018-09-22T11:40:37+00:00","article_modified_time":"2023-01-11T15:31:32+00:00","og_image":[{"width":414,"height":310,"url":"https:\/\/secontrade.com\/blog\/wp-content\/uploads\/2018\/09\/Circular-Economy_Blog-neu.jpg","type":"image\/jpeg"}],"author":"2nd-trader-one","twitter_card":"summary_large_image","twitter_misc":{"Verfasst von":"2nd-trader-one","Gesch\u00e4tzte Lesezeit":"2\u00a0Minuten"},"schema":{"@context":"https:\/\/schema.org","@graph":[{"@type":"Article","@id":"https:\/\/secontrade.com\/blog\/2018\/09\/22\/von-re-use-zu-recycling-kreislaufwirtschaft-in-europa\/#article","isPartOf":{"@id":"https:\/\/secontrade.com\/blog\/2018\/09\/22\/von-re-use-zu-recycling-kreislaufwirtschaft-in-europa\/"},"author":{"name":"2nd-trader-one","@id":"https:\/\/secontrade.com\/blog\/#\/schema\/person\/d428b763799c0dcf6c1663e3d4fdf231"},"headline":"Von Re-Use zu Recycling: Kreislaufwirtschaft in Europa","datePublished":"2018-09-22T11:40:37+00:00","dateModified":"2023-01-11T15:31:32+00:00","mainEntityOfPage":{"@id":"https:\/\/secontrade.com\/blog\/2018\/09\/22\/von-re-use-zu-recycling-kreislaufwirtschaft-in-europa\/"},"wordCount":249,"commentCount":0,"publisher":{"@id":"https:\/\/secontrade.com\/blog\/#organization"},"image":{"@id":"https:\/\/secontrade.com\/blog\/2018\/09\/22\/von-re-use-zu-recycling-kreislaufwirtschaft-in-europa\/#primaryimage"},"thumbnailUrl":"https:\/\/secontrade.com\/blog\/wp-content\/uploads\/2018\/09\/Circular-Economy_Blog-neu.jpg","inLanguage":"de","potentialAction":[{"@type":"CommentAction","name":"Comment","target":["https:\/\/secontrade.com\/blog\/2018\/09\/22\/von-re-use-zu-recycling-kreislaufwirtschaft-in-europa\/#respond"]}]},{"@type":"WebPage","@id":"https:\/\/secontrade.com\/blog\/2018\/09\/22\/von-re-use-zu-recycling-kreislaufwirtschaft-in-europa\/","url":"https:\/\/secontrade.com\/blog\/2018\/09\/22\/von-re-use-zu-recycling-kreislaufwirtschaft-in-europa\/","name":"Von Re-Use zu Recycling: Kreislaufwirtschaft in Europa - SECONTRADE Blog","isPartOf":{"@id":"https:\/\/secontrade.com\/blog\/#website"},"primaryImageOfPage":{"@id":"https:\/\/secontrade.com\/blog\/2018\/09\/22\/von-re-use-zu-recycling-kreislaufwirtschaft-in-europa\/#primaryimage"},"image":{"@id":"https:\/\/secontrade.com\/blog\/2018\/09\/22\/von-re-use-zu-recycling-kreislaufwirtschaft-in-europa\/#primaryimage"},"thumbnailUrl":"https:\/\/secontrade.com\/blog\/wp-content\/uploads\/2018\/09\/Circular-Economy_Blog-neu.jpg","datePublished":"2018-09-22T11:40:37+00:00","dateModified":"2023-01-11T15:31:32+00:00","description":"\u201eKreislaufwirtschaft betrifft uns alle\u201c. Am 20. September 2018 fand der internationale Kongress \u201eBringing the Action Plan to life: Toward a fact based circular economy\u201c \u00a0zum Thema Kreislaufwirtschaft im Rahmen ...","breadcrumb":{"@id":"https:\/\/secontrade.com\/blog\/2018\/09\/22\/von-re-use-zu-recycling-kreislaufwirtschaft-in-europa\/#breadcrumb"},"inLanguage":"de","potentialAction":[{"@type":"ReadAction","target":["https:\/\/secontrade.com\/blog\/2018\/09\/22\/von-re-use-zu-recycling-kreislaufwirtschaft-in-europa\/"]}]},{"@type":"ImageObject","inLanguage":"de","@id":"https:\/\/secontrade.com\/blog\/2018\/09\/22\/von-re-use-zu-recycling-kreislaufwirtschaft-in-europa\/#primaryimage","url":"https:\/\/secontrade.com\/blog\/wp-content\/uploads\/2018\/09\/Circular-Economy_Blog-neu.jpg","contentUrl":"https:\/\/secontrade.com\/blog\/wp-content\/uploads\/2018\/09\/Circular-Economy_Blog-neu.jpg","width":414,"height":310},{"@type":"BreadcrumbList","@id":"https:\/\/secontrade.com\/blog\/2018\/09\/22\/von-re-use-zu-recycling-kreislaufwirtschaft-in-europa\/#breadcrumb","itemListElement":[{"@type":"ListItem","position":1,"name":"Startseite","item":"https:\/\/secontrade.com\/blog\/en\/"},{"@type":"ListItem","position":2,"name":"Von Re-Use zu Recycling: Kreislaufwirtschaft in Europa"}]},{"@type":"WebSite","@id":"https:\/\/secontrade.com\/blog\/#website","url":"https:\/\/secontrade.com\/blog\/","name":"SECONTRADE Blog","description":"Sekund\u00e4r-Rohstoff-Handel","publisher":{"@id":"https:\/\/secontrade.com\/blog\/#organization"},"potentialAction":[{"@type":"SearchAction","target":{"@type":"EntryPoint","urlTemplate":"https:\/\/secontrade.com\/blog\/?s={search_term_string}"},"query-input":{"@type":"PropertyValueSpecification","valueRequired":true,"valueName":"search_term_string"}}],"inLanguage":"de"},{"@type":"Organization","@id":"https:\/\/secontrade.com\/blog\/#organization","name":"SECONTRADE","url":"https:\/\/secontrade.com\/blog\/","logo":{"@type":"ImageObject","inLanguage":"de","@id":"https:\/\/secontrade.com\/blog\/#\/schema\/logo\/image\/","url":"https:\/\/secontrade.com\/blog\/wp-content\/uploads\/2018\/11\/Secontrade_Logo.jpg","contentUrl":"https:\/\/secontrade.com\/blog\/wp-content\/uploads\/2018\/11\/Secontrade_Logo.jpg","width":1587,"height":609,"caption":"SECONTRADE"},"image":{"@id":"https:\/\/secontrade.com\/blog\/#\/schema\/logo\/image\/"},"sameAs":["https:\/\/www.linkedin.com\/company\/secontrade-gmbh\/"]},{"@type":"Person","@id":"https:\/\/secontrade.com\/blog\/#\/schema\/person\/d428b763799c0dcf6c1663e3d4fdf231","name":"2nd-trader-one","url":"https:\/\/secontrade.com\/blog\/author\/2nd-trader-one\/"}]}},"_links":{"self":[{"href":"https:\/\/secontrade.com\/blog\/wp-json\/wp\/v2\/posts\/76","targetHints":{"allow":["GET"]}}],"collection":[{"href":"https:\/\/secontrade.com\/blog\/wp-json\/wp\/v2\/posts"}],"about":[{"href":"https:\/\/secontrade.com\/blog\/wp-json\/wp\/v2\/types\/post"}],"author":[{"embeddable":true,"href":"https:\/\/secontrade.com\/blog\/wp-json\/wp\/v2\/users\/1"}],"replies":[{"embeddable":true,"href":"https:\/\/secontrade.com\/blog\/wp-json\/wp\/v2\/comments?post=76"}],"version-history":[{"count":6,"href":"https:\/\/secontrade.com\/blog\/wp-json\/wp\/v2\/posts\/76\/revisions"}],"predecessor-version":[{"id":876,"href":"https:\/\/secontrade.com\/blog\/wp-json\/wp\/v2\/posts\/76\/revisions\/876"}],"wp:featuredmedia":[{"embeddable":true,"href":"https:\/\/secontrade.com\/blog\/wp-json\/wp\/v2\/media\/582"}],"wp:attachment":[{"href":"https:\/\/secontrade.com\/blog\/wp-json\/wp\/v2\/media?parent=76"}],"wp:term":[{"taxonomy":"category","embeddable":true,"href":"https:\/\/secontrade.com\/blog\/wp-json\/wp\/v2\/categories?post=76"},{"taxonomy":"post_tag","embeddable":true,"href":"https:\/\/secontrade.com\/blog\/wp-json\/wp\/v2\/tags?post=76"}],"curies":[{"name":"wp","href":"https:\/\/api.w.org\/{rel}","templated":true}]}}