{"id":466,"date":"2022-04-06T09:50:42","date_gmt":"2022-04-06T07:50:42","guid":{"rendered":"https:\/\/secontrade.com\/blog\/?p=466"},"modified":"2022-12-15T10:02:15","modified_gmt":"2022-12-15T09:02:15","slug":"secontrade-beim-circular-economy-summit-austria","status":"publish","type":"post","link":"https:\/\/secontrade.com\/blog\/2022\/04\/06\/secontrade-beim-circular-economy-summit-austria\/","title":{"rendered":"SECONTRADE beim Circular Economy Summit Austria"},"content":{"rendered":"\n<p><strong>Ende M\u00e4rz fand der Circular Economy Summit Austria unter der Federf\u00fchrung von Klimaschutzministerin Leonore Gewessler statt als Auftakt f\u00fcr eine gelebte Kreislaufwirtschaftsstrategie. Mit dabei war auch unsere Gesch\u00e4ftsf\u00fchrerin Brigitte Reich und pr\u00e4sentierte SECONTRADE als einen der Pioniere der \u00f6sterreichischen Kreislaufwirtschaft. Gemeinsam mit anderen Stakeholdern wurde \u00fcber eine nationalen Kreislaufwirtschaftsstrategie und die nachhaltige und zirkul\u00e4ren Nutzung von wertvollen Rohstoffen diskutiert.<\/strong><\/p>\n\n\n\n<p><\/p>\n\n\n\n<h3 class=\"wp-block-heading\">Reges Interesse an Sekund\u00e4rrohstoffen beim Summit<\/h3>\n\n\n\n<p>Das gro\u00dfe Interesse an der Plattform SECONTRADE und viele pers\u00f6nliche Gespr\u00e4che mit Summit-Teilnehmern und Teilnehmerinnen best\u00e4tigten Brigitte Reich in ihrer Strategie, das Sekund\u00e4rrohstoff-Portfolio k\u00fcnftig deutlich zu erweitern. Denn SECONTRADE ist als Tradingplattform mit \u00fcber vier Jahren Erfahrung in der Kreislaufwirtschaft in der Lage, auch zuk\u00fcnftig vermehrt im Fokus stehende Sekund\u00e4rrohstoffe wie Baurestmassen und biogene Reststoffe national und international effizient umzuschlagen.<em> \u201eJe mehr Ressourcen dem Kreislauf zugef\u00fchrt werden, desto gr\u00f6\u00dfer ist der Effekt f\u00fcr die Umsetzung der umwelt- und klimapolitischen Ziele, die auf dem Circular Economy Summit Austria formuliert wurden\u201c, <\/em>erkl\u00e4rt Reich, <em>\u201edarauf werden und m\u00fcssen wir uns in Zukunft konzentrieren.\u201c<\/em><\/p>\n\n\n\n<p><\/p>\n\n\n\n<h3 class=\"wp-block-heading\">Baustoffe dominieren den Rohstoffverbrauch<\/h3>\n\n\n\n<p>Allein in \u00d6sterreich betr\u00e4gt der Rohstoffverbrauch pro Kopf und Jahr mit 19 Tonnen rund 5 Tonnen mehr als der eines Durchschnitts-Europ\u00e4ers. 5 % davon entfallen auf Metalle, etwa 15 % auf fossile Energietr\u00e4ger, rund 25 % auf Biomasse und der Gro\u00dfteil &#8211; also etwa die H\u00e4lfte des gesamten Rohstoffverbrauchs &#8211; entf\u00e4llt auf nichtmetallische Mineralstoffe, wie sie in Baustoffen vorkommen. Doch gerade Baureststoffe werden nur zu einem sehr kleinen Anteil als Sekund\u00e4rrohstoff wieder in den Produktionskreislauf eingebracht. Das gewinnt zus\u00e4tzlich an Bedeutung, weil die Verarbeitung und Gewinnung von neu gewonnenen Rohstoffen die H\u00e4lfte aller Treibhausgasemissionen ausmacht. Insgesamt, erkl\u00e4rte Klimaschutzministerin Leonore Gewessler auf dem Summit, ginge die Gesellschaft noch viel zu verschwenderisch mit wertvollen Sekund\u00e4rrohstoffen um. Denn derzeit werden nur etwa 10 % aller Rohstoffe wiederverwertet, 90 % werden entsorgt.<\/p>\n\n\n\n<p><em>\u201eMit dem Circular Economy Summit wurde ein wichtiges Zukunftssignal gesetzt, um dieses Problem im Schulterschluss mit Politik, Wirtschaft und nicht zuletzt mit der Zivilgesellschaft zu l\u00f6sen. Wir haben deshalb unsere Botschaft unmissverst\u00e4ndlich und klar formuliert: \u00d6sterreich muss im wahrsten Sinne des Wortes zirkul\u00e4rer werden. Das Konzept der Kreislaufwirtschaft muss nun rasch umgesetzt werden. Dazu k\u00f6nnen und wollen wir mit Secontrade einen wichtigen Beitrag leisten\u201c,<\/em> zieht Brigitte Reich ihr Fazit zum gelungenen Summit.<\/p>\n","protected":false},"excerpt":{"rendered":"<p>Ende M\u00e4rz fand der Circular Economy Summit Austria unter der Federf\u00fchrung von Klimaschutzministerin Leonore Gewessler statt als Auftakt f\u00fcr eine gelebte Kreislaufwirtschaftsstrategie. Mit dabei war &#8230;<\/p>\n","protected":false},"author":2,"featured_media":527,"comment_status":"open","ping_status":"closed","sticky":false,"template":"","format":"standard","meta":{"footnotes":""},"categories":[1],"tags":[25,39,27,28],"class_list":["post-466","post","type-post","status-publish","format-standard","has-post-thumbnail","hentry","category-allgemein","tag-kreislaufwirtschaft-de","tag-recycling-en","tag-rohstoffwiederverwertung-de","tag-secontrade-de"],"polylang_current_lang":"de_DE","polylang_translations":[{"locale":"de_DE","id":466}],"featured_image_src":"https:\/\/secontrade.com\/blog\/wp-content\/uploads\/2022\/04\/20220322_SECONTRADE_Stand_02_Blog-neu-1-290x220.jpg","yoast_head":"<!-- This site is optimized with the Yoast SEO plugin v27.4 - https:\/\/yoast.com\/product\/yoast-seo-wordpress\/ -->\n<title>SECONTRADE beim Circular Economy Summit Austria - SECONTRADE Blog<\/title>\n<meta name=\"description\" content=\"Ende M\u00e4rz fand der Circular Economy Summit Austria unter der Federf\u00fchrung von Klimaschutzministerin Leonore Gewessler statt als Auftakt f\u00fcr eine gelebte Kreislaufwirtschaftsstrategie. Mit dabei war ...\" \/>\n<meta name=\"robots\" content=\"index, follow, max-snippet:-1, max-image-preview:large, max-video-preview:-1\" \/>\n<link rel=\"canonical\" href=\"https:\/\/secontrade.com\/blog\/2022\/04\/06\/secontrade-beim-circular-economy-summit-austria\/\" \/>\n<meta property=\"og:locale\" content=\"de_DE\" \/>\n<meta property=\"og:type\" content=\"article\" \/>\n<meta property=\"og:title\" content=\"SECONTRADE beim Circular Economy Summit Austria - SECONTRADE Blog\" \/>\n<meta property=\"og:description\" content=\"Ende M\u00e4rz fand der Circular Economy Summit Austria unter der Federf\u00fchrung von Klimaschutzministerin Leonore Gewessler statt als Auftakt f\u00fcr eine gelebte Kreislaufwirtschaftsstrategie. Mit dabei war ...\" \/>\n<meta property=\"og:url\" content=\"https:\/\/secontrade.com\/blog\/2022\/04\/06\/secontrade-beim-circular-economy-summit-austria\/\" \/>\n<meta property=\"og:site_name\" content=\"SECONTRADE Blog\" \/>\n<meta property=\"article:published_time\" content=\"2022-04-06T07:50:42+00:00\" \/>\n<meta property=\"article:modified_time\" content=\"2022-12-15T09:02:15+00:00\" \/>\n<meta property=\"og:image\" content=\"https:\/\/secontrade.com\/blog\/wp-content\/uploads\/2022\/04\/20220322_SECONTRADE_Stand_02_Blog-neu-1.jpg\" \/>\n\t<meta property=\"og:image:width\" content=\"1232\" \/>\n\t<meta property=\"og:image:height\" content=\"924\" \/>\n\t<meta property=\"og:image:type\" content=\"image\/jpeg\" \/>\n<meta name=\"author\" content=\"Stephanie Zsifkovits\" \/>\n<meta name=\"twitter:card\" content=\"summary_large_image\" \/>\n<meta name=\"twitter:label1\" content=\"Verfasst von\" \/>\n\t<meta name=\"twitter:data1\" content=\"Stephanie Zsifkovits\" \/>\n\t<meta name=\"twitter:label2\" content=\"Gesch\u00e4tzte Lesezeit\" \/>\n\t<meta name=\"twitter:data2\" content=\"3\u00a0Minuten\" \/>\n<script type=\"application\/ld+json\" class=\"yoast-schema-graph\">{\"@context\":\"https:\\\/\\\/schema.org\",\"@graph\":[{\"@type\":\"Article\",\"@id\":\"https:\\\/\\\/secontrade.com\\\/blog\\\/2022\\\/04\\\/06\\\/secontrade-beim-circular-economy-summit-austria\\\/#article\",\"isPartOf\":{\"@id\":\"https:\\\/\\\/secontrade.com\\\/blog\\\/2022\\\/04\\\/06\\\/secontrade-beim-circular-economy-summit-austria\\\/\"},\"author\":{\"name\":\"Stephanie Zsifkovits\",\"@id\":\"https:\\\/\\\/secontrade.com\\\/blog\\\/#\\\/schema\\\/person\\\/ed53e5e8ebc9796b04df8a01518cb1af\"},\"headline\":\"SECONTRADE beim Circular Economy Summit Austria\",\"datePublished\":\"2022-04-06T07:50:42+00:00\",\"dateModified\":\"2022-12-15T09:02:15+00:00\",\"mainEntityOfPage\":{\"@id\":\"https:\\\/\\\/secontrade.com\\\/blog\\\/2022\\\/04\\\/06\\\/secontrade-beim-circular-economy-summit-austria\\\/\"},\"wordCount\":399,\"commentCount\":0,\"publisher\":{\"@id\":\"https:\\\/\\\/secontrade.com\\\/blog\\\/#organization\"},\"image\":{\"@id\":\"https:\\\/\\\/secontrade.com\\\/blog\\\/2022\\\/04\\\/06\\\/secontrade-beim-circular-economy-summit-austria\\\/#primaryimage\"},\"thumbnailUrl\":\"https:\\\/\\\/secontrade.com\\\/blog\\\/wp-content\\\/uploads\\\/2022\\\/04\\\/20220322_SECONTRADE_Stand_02_Blog-neu-1.jpg\",\"keywords\":[\"Kreislaufwirtschaft\",\"Recycling\",\"Rohstoffwiederverwertung\",\"Secontrade\"],\"inLanguage\":\"de\",\"potentialAction\":[{\"@type\":\"CommentAction\",\"name\":\"Comment\",\"target\":[\"https:\\\/\\\/secontrade.com\\\/blog\\\/2022\\\/04\\\/06\\\/secontrade-beim-circular-economy-summit-austria\\\/#respond\"]}]},{\"@type\":\"WebPage\",\"@id\":\"https:\\\/\\\/secontrade.com\\\/blog\\\/2022\\\/04\\\/06\\\/secontrade-beim-circular-economy-summit-austria\\\/\",\"url\":\"https:\\\/\\\/secontrade.com\\\/blog\\\/2022\\\/04\\\/06\\\/secontrade-beim-circular-economy-summit-austria\\\/\",\"name\":\"SECONTRADE beim Circular Economy Summit Austria - SECONTRADE Blog\",\"isPartOf\":{\"@id\":\"https:\\\/\\\/secontrade.com\\\/blog\\\/#website\"},\"primaryImageOfPage\":{\"@id\":\"https:\\\/\\\/secontrade.com\\\/blog\\\/2022\\\/04\\\/06\\\/secontrade-beim-circular-economy-summit-austria\\\/#primaryimage\"},\"image\":{\"@id\":\"https:\\\/\\\/secontrade.com\\\/blog\\\/2022\\\/04\\\/06\\\/secontrade-beim-circular-economy-summit-austria\\\/#primaryimage\"},\"thumbnailUrl\":\"https:\\\/\\\/secontrade.com\\\/blog\\\/wp-content\\\/uploads\\\/2022\\\/04\\\/20220322_SECONTRADE_Stand_02_Blog-neu-1.jpg\",\"datePublished\":\"2022-04-06T07:50:42+00:00\",\"dateModified\":\"2022-12-15T09:02:15+00:00\",\"description\":\"Ende M\u00e4rz fand der Circular Economy Summit Austria unter der Federf\u00fchrung von Klimaschutzministerin Leonore Gewessler statt als Auftakt f\u00fcr eine gelebte Kreislaufwirtschaftsstrategie. Mit dabei war ...\",\"breadcrumb\":{\"@id\":\"https:\\\/\\\/secontrade.com\\\/blog\\\/2022\\\/04\\\/06\\\/secontrade-beim-circular-economy-summit-austria\\\/#breadcrumb\"},\"inLanguage\":\"de\",\"potentialAction\":[{\"@type\":\"ReadAction\",\"target\":[\"https:\\\/\\\/secontrade.com\\\/blog\\\/2022\\\/04\\\/06\\\/secontrade-beim-circular-economy-summit-austria\\\/\"]}]},{\"@type\":\"ImageObject\",\"inLanguage\":\"de\",\"@id\":\"https:\\\/\\\/secontrade.com\\\/blog\\\/2022\\\/04\\\/06\\\/secontrade-beim-circular-economy-summit-austria\\\/#primaryimage\",\"url\":\"https:\\\/\\\/secontrade.com\\\/blog\\\/wp-content\\\/uploads\\\/2022\\\/04\\\/20220322_SECONTRADE_Stand_02_Blog-neu-1.jpg\",\"contentUrl\":\"https:\\\/\\\/secontrade.com\\\/blog\\\/wp-content\\\/uploads\\\/2022\\\/04\\\/20220322_SECONTRADE_Stand_02_Blog-neu-1.jpg\",\"width\":1232,\"height\":924},{\"@type\":\"BreadcrumbList\",\"@id\":\"https:\\\/\\\/secontrade.com\\\/blog\\\/2022\\\/04\\\/06\\\/secontrade-beim-circular-economy-summit-austria\\\/#breadcrumb\",\"itemListElement\":[{\"@type\":\"ListItem\",\"position\":1,\"name\":\"Startseite\",\"item\":\"https:\\\/\\\/secontrade.com\\\/blog\\\/en\\\/\"},{\"@type\":\"ListItem\",\"position\":2,\"name\":\"SECONTRADE beim Circular Economy Summit Austria\"}]},{\"@type\":\"WebSite\",\"@id\":\"https:\\\/\\\/secontrade.com\\\/blog\\\/#website\",\"url\":\"https:\\\/\\\/secontrade.com\\\/blog\\\/\",\"name\":\"SECONTRADE Blog\",\"description\":\"Sekund\u00e4r-Rohstoff-Handel\",\"publisher\":{\"@id\":\"https:\\\/\\\/secontrade.com\\\/blog\\\/#organization\"},\"potentialAction\":[{\"@type\":\"SearchAction\",\"target\":{\"@type\":\"EntryPoint\",\"urlTemplate\":\"https:\\\/\\\/secontrade.com\\\/blog\\\/?s={search_term_string}\"},\"query-input\":{\"@type\":\"PropertyValueSpecification\",\"valueRequired\":true,\"valueName\":\"search_term_string\"}}],\"inLanguage\":\"de\"},{\"@type\":\"Organization\",\"@id\":\"https:\\\/\\\/secontrade.com\\\/blog\\\/#organization\",\"name\":\"SECONTRADE\",\"url\":\"https:\\\/\\\/secontrade.com\\\/blog\\\/\",\"logo\":{\"@type\":\"ImageObject\",\"inLanguage\":\"de\",\"@id\":\"https:\\\/\\\/secontrade.com\\\/blog\\\/#\\\/schema\\\/logo\\\/image\\\/\",\"url\":\"https:\\\/\\\/secontrade.com\\\/blog\\\/wp-content\\\/uploads\\\/2018\\\/11\\\/Secontrade_Logo.jpg\",\"contentUrl\":\"https:\\\/\\\/secontrade.com\\\/blog\\\/wp-content\\\/uploads\\\/2018\\\/11\\\/Secontrade_Logo.jpg\",\"width\":1587,\"height\":609,\"caption\":\"SECONTRADE\"},\"image\":{\"@id\":\"https:\\\/\\\/secontrade.com\\\/blog\\\/#\\\/schema\\\/logo\\\/image\\\/\"},\"sameAs\":[\"https:\\\/\\\/www.linkedin.com\\\/company\\\/secontrade-gmbh\\\/\"]},{\"@type\":\"Person\",\"@id\":\"https:\\\/\\\/secontrade.com\\\/blog\\\/#\\\/schema\\\/person\\\/ed53e5e8ebc9796b04df8a01518cb1af\",\"name\":\"Stephanie Zsifkovits\",\"sameAs\":[\"http:\\\/\\\/www.secontrade.com\"],\"url\":\"https:\\\/\\\/secontrade.com\\\/blog\\\/author\\\/secontrade\\\/\"}]}<\/script>\n<!-- \/ Yoast SEO plugin. -->","yoast_head_json":{"title":"SECONTRADE beim Circular Economy Summit Austria - SECONTRADE Blog","description":"Ende M\u00e4rz fand der Circular Economy Summit Austria unter der Federf\u00fchrung von Klimaschutzministerin Leonore Gewessler statt als Auftakt f\u00fcr eine gelebte Kreislaufwirtschaftsstrategie. Mit dabei war ...","robots":{"index":"index","follow":"follow","max-snippet":"max-snippet:-1","max-image-preview":"max-image-preview:large","max-video-preview":"max-video-preview:-1"},"canonical":"https:\/\/secontrade.com\/blog\/2022\/04\/06\/secontrade-beim-circular-economy-summit-austria\/","og_locale":"de_DE","og_type":"article","og_title":"SECONTRADE beim Circular Economy Summit Austria - SECONTRADE Blog","og_description":"Ende M\u00e4rz fand der Circular Economy Summit Austria unter der Federf\u00fchrung von Klimaschutzministerin Leonore Gewessler statt als Auftakt f\u00fcr eine gelebte Kreislaufwirtschaftsstrategie. Mit dabei war ...","og_url":"https:\/\/secontrade.com\/blog\/2022\/04\/06\/secontrade-beim-circular-economy-summit-austria\/","og_site_name":"SECONTRADE Blog","article_published_time":"2022-04-06T07:50:42+00:00","article_modified_time":"2022-12-15T09:02:15+00:00","og_image":[{"width":1232,"height":924,"url":"https:\/\/secontrade.com\/blog\/wp-content\/uploads\/2022\/04\/20220322_SECONTRADE_Stand_02_Blog-neu-1.jpg","type":"image\/jpeg"}],"author":"Stephanie Zsifkovits","twitter_card":"summary_large_image","twitter_misc":{"Verfasst von":"Stephanie Zsifkovits","Gesch\u00e4tzte Lesezeit":"3\u00a0Minuten"},"schema":{"@context":"https:\/\/schema.org","@graph":[{"@type":"Article","@id":"https:\/\/secontrade.com\/blog\/2022\/04\/06\/secontrade-beim-circular-economy-summit-austria\/#article","isPartOf":{"@id":"https:\/\/secontrade.com\/blog\/2022\/04\/06\/secontrade-beim-circular-economy-summit-austria\/"},"author":{"name":"Stephanie Zsifkovits","@id":"https:\/\/secontrade.com\/blog\/#\/schema\/person\/ed53e5e8ebc9796b04df8a01518cb1af"},"headline":"SECONTRADE beim Circular Economy Summit Austria","datePublished":"2022-04-06T07:50:42+00:00","dateModified":"2022-12-15T09:02:15+00:00","mainEntityOfPage":{"@id":"https:\/\/secontrade.com\/blog\/2022\/04\/06\/secontrade-beim-circular-economy-summit-austria\/"},"wordCount":399,"commentCount":0,"publisher":{"@id":"https:\/\/secontrade.com\/blog\/#organization"},"image":{"@id":"https:\/\/secontrade.com\/blog\/2022\/04\/06\/secontrade-beim-circular-economy-summit-austria\/#primaryimage"},"thumbnailUrl":"https:\/\/secontrade.com\/blog\/wp-content\/uploads\/2022\/04\/20220322_SECONTRADE_Stand_02_Blog-neu-1.jpg","keywords":["Kreislaufwirtschaft","Recycling","Rohstoffwiederverwertung","Secontrade"],"inLanguage":"de","potentialAction":[{"@type":"CommentAction","name":"Comment","target":["https:\/\/secontrade.com\/blog\/2022\/04\/06\/secontrade-beim-circular-economy-summit-austria\/#respond"]}]},{"@type":"WebPage","@id":"https:\/\/secontrade.com\/blog\/2022\/04\/06\/secontrade-beim-circular-economy-summit-austria\/","url":"https:\/\/secontrade.com\/blog\/2022\/04\/06\/secontrade-beim-circular-economy-summit-austria\/","name":"SECONTRADE beim Circular Economy Summit Austria - SECONTRADE Blog","isPartOf":{"@id":"https:\/\/secontrade.com\/blog\/#website"},"primaryImageOfPage":{"@id":"https:\/\/secontrade.com\/blog\/2022\/04\/06\/secontrade-beim-circular-economy-summit-austria\/#primaryimage"},"image":{"@id":"https:\/\/secontrade.com\/blog\/2022\/04\/06\/secontrade-beim-circular-economy-summit-austria\/#primaryimage"},"thumbnailUrl":"https:\/\/secontrade.com\/blog\/wp-content\/uploads\/2022\/04\/20220322_SECONTRADE_Stand_02_Blog-neu-1.jpg","datePublished":"2022-04-06T07:50:42+00:00","dateModified":"2022-12-15T09:02:15+00:00","description":"Ende M\u00e4rz fand der Circular Economy Summit Austria unter der Federf\u00fchrung von Klimaschutzministerin Leonore Gewessler statt als Auftakt f\u00fcr eine gelebte Kreislaufwirtschaftsstrategie. Mit dabei war ...","breadcrumb":{"@id":"https:\/\/secontrade.com\/blog\/2022\/04\/06\/secontrade-beim-circular-economy-summit-austria\/#breadcrumb"},"inLanguage":"de","potentialAction":[{"@type":"ReadAction","target":["https:\/\/secontrade.com\/blog\/2022\/04\/06\/secontrade-beim-circular-economy-summit-austria\/"]}]},{"@type":"ImageObject","inLanguage":"de","@id":"https:\/\/secontrade.com\/blog\/2022\/04\/06\/secontrade-beim-circular-economy-summit-austria\/#primaryimage","url":"https:\/\/secontrade.com\/blog\/wp-content\/uploads\/2022\/04\/20220322_SECONTRADE_Stand_02_Blog-neu-1.jpg","contentUrl":"https:\/\/secontrade.com\/blog\/wp-content\/uploads\/2022\/04\/20220322_SECONTRADE_Stand_02_Blog-neu-1.jpg","width":1232,"height":924},{"@type":"BreadcrumbList","@id":"https:\/\/secontrade.com\/blog\/2022\/04\/06\/secontrade-beim-circular-economy-summit-austria\/#breadcrumb","itemListElement":[{"@type":"ListItem","position":1,"name":"Startseite","item":"https:\/\/secontrade.com\/blog\/en\/"},{"@type":"ListItem","position":2,"name":"SECONTRADE beim Circular Economy Summit Austria"}]},{"@type":"WebSite","@id":"https:\/\/secontrade.com\/blog\/#website","url":"https:\/\/secontrade.com\/blog\/","name":"SECONTRADE Blog","description":"Sekund\u00e4r-Rohstoff-Handel","publisher":{"@id":"https:\/\/secontrade.com\/blog\/#organization"},"potentialAction":[{"@type":"SearchAction","target":{"@type":"EntryPoint","urlTemplate":"https:\/\/secontrade.com\/blog\/?s={search_term_string}"},"query-input":{"@type":"PropertyValueSpecification","valueRequired":true,"valueName":"search_term_string"}}],"inLanguage":"de"},{"@type":"Organization","@id":"https:\/\/secontrade.com\/blog\/#organization","name":"SECONTRADE","url":"https:\/\/secontrade.com\/blog\/","logo":{"@type":"ImageObject","inLanguage":"de","@id":"https:\/\/secontrade.com\/blog\/#\/schema\/logo\/image\/","url":"https:\/\/secontrade.com\/blog\/wp-content\/uploads\/2018\/11\/Secontrade_Logo.jpg","contentUrl":"https:\/\/secontrade.com\/blog\/wp-content\/uploads\/2018\/11\/Secontrade_Logo.jpg","width":1587,"height":609,"caption":"SECONTRADE"},"image":{"@id":"https:\/\/secontrade.com\/blog\/#\/schema\/logo\/image\/"},"sameAs":["https:\/\/www.linkedin.com\/company\/secontrade-gmbh\/"]},{"@type":"Person","@id":"https:\/\/secontrade.com\/blog\/#\/schema\/person\/ed53e5e8ebc9796b04df8a01518cb1af","name":"Stephanie Zsifkovits","sameAs":["http:\/\/www.secontrade.com"],"url":"https:\/\/secontrade.com\/blog\/author\/secontrade\/"}]}},"_links":{"self":[{"href":"https:\/\/secontrade.com\/blog\/wp-json\/wp\/v2\/posts\/466","targetHints":{"allow":["GET"]}}],"collection":[{"href":"https:\/\/secontrade.com\/blog\/wp-json\/wp\/v2\/posts"}],"about":[{"href":"https:\/\/secontrade.com\/blog\/wp-json\/wp\/v2\/types\/post"}],"author":[{"embeddable":true,"href":"https:\/\/secontrade.com\/blog\/wp-json\/wp\/v2\/users\/2"}],"replies":[{"embeddable":true,"href":"https:\/\/secontrade.com\/blog\/wp-json\/wp\/v2\/comments?post=466"}],"version-history":[{"count":8,"href":"https:\/\/secontrade.com\/blog\/wp-json\/wp\/v2\/posts\/466\/revisions"}],"predecessor-version":[{"id":740,"href":"https:\/\/secontrade.com\/blog\/wp-json\/wp\/v2\/posts\/466\/revisions\/740"}],"wp:featuredmedia":[{"embeddable":true,"href":"https:\/\/secontrade.com\/blog\/wp-json\/wp\/v2\/media\/527"}],"wp:attachment":[{"href":"https:\/\/secontrade.com\/blog\/wp-json\/wp\/v2\/media?parent=466"}],"wp:term":[{"taxonomy":"category","embeddable":true,"href":"https:\/\/secontrade.com\/blog\/wp-json\/wp\/v2\/categories?post=466"},{"taxonomy":"post_tag","embeddable":true,"href":"https:\/\/secontrade.com\/blog\/wp-json\/wp\/v2\/tags?post=466"}],"curies":[{"name":"wp","href":"https:\/\/api.w.org\/{rel}","templated":true}]}}