{"id":402,"date":"2019-03-20T09:10:00","date_gmt":"2019-03-20T08:10:00","guid":{"rendered":"https:\/\/secontrade.com\/blog\/?p=402"},"modified":"2022-12-15T11:09:54","modified_gmt":"2022-12-15T10:09:54","slug":"global-recycling-day-on-18th-of-march-2019","status":"publish","type":"post","link":"https:\/\/secontrade.com\/blog\/en\/2019\/03\/20\/global-recycling-day-on-18th-of-march-2019\/","title":{"rendered":"Global Recycling Day on 18th of March 2019"},"content":{"rendered":"\n<p>As the name already suggests, the Global Recycling Day is of highest importance for the SECONTRADE team as well as for all traders. Initiated by the Bureau of International Recycling, the Global Recycling Day aims to raise public awareness for the reuse of raw materials. This year, on 18<sup>th<\/sup> of March 2019 was the second anniversary of the Global Recycling Day. The aim was to draw the attention of young people on recycling and the scarcity of natural resources.<\/p>\n\n\n\n<h2 class=\"wp-block-heading\"><strong>RECYCLING IN AUSTRIA<\/strong><\/h2>\n\n\n\n<p>Like most other countries in Europe, Austria relies on imports of raw materials. With prices for natural resources rising as a result of scarcity, the recycling of raw materials from old electrical appliances, discarded tyres and scrap metal in general is becoming increasingly important. Compared with international standards, recycling rates in Austria are very high. However, according to the VOEB (Association of Austrian Disposal Companies), there is still catching up to do in the disposal of end-of-life vehicles: Only about 20% of end-of-life vehicles are disposed of in a proper and environmentally friendly manner. The remaining 80% disappear abroad &#8211; although far more than 200 kg of recyclable materials could be recovered from the defective vehicles.<\/p>\n\n\n\n<h2 class=\"wp-block-heading\"><strong>SECONTRADE AS A CONNECTION BETWEEN VENDORS AND BUYERS<\/strong><\/h2>\n\n\n\n<p>&#8222;<em>Changes can and have to start now. For example, we need cross-border recycling. Especially more specialised recycling processes are expensive and need input material. There cannot be any obstructive notification procedures within the EU<\/em>,&#8220; explains Petra Zieringer, President of the VDM (Association of German Metal Distributors). This is exactly where SECONTRADE approaches the issue and serves as a connection between vendors and buyers of secondary raw materials. &#8222;<em>With our B2B platform for verified raw material traders, buyers of secondary raw materials throughout Europe have a considerably larger choice of secondary raw materials<\/em>,&#8220; Brigitte Reich, Managing Director of Secontrade, is convinced. &#8222;By using our platform, the transhipment of secondary raw materials and therefore their return to the economic cycle is considerably accelerated.&#8220; In order to make this offer even more attractive for SECONTRADE users, the SECONTRADE team is currently working on acquisitions in Northern European countries to network the European raw materials market even more widely and strongly and therefore advance recycling in general.<\/p>\n","protected":false},"excerpt":{"rendered":"<p>As the name already suggests, the Global Recycling Day is of highest importance for the SECONTRADE team as well as for all traders. Initiated by the Bureau of International Recycling, the Global Recycling Day &#8230;<\/p>\n","protected":false},"author":2,"featured_media":569,"comment_status":"open","ping_status":"closed","sticky":false,"template":"","format":"standard","meta":{"footnotes":""},"categories":[14],"tags":[],"class_list":["post-402","post","type-post","status-publish","format-standard","has-post-thumbnail","hentry","category-allgemein-en"],"polylang_current_lang":"en_GB","polylang_translations":[{"locale":"en_GB","id":402},{"locale":"de_DE","id":194}],"featured_image_src":"https:\/\/secontrade.com\/blog\/wp-content\/uploads\/2019\/03\/Beitragsbild_final_Blog-neu-1-290x220.jpg","yoast_head":"<!-- This site is optimized with the Yoast SEO plugin v27.4 - https:\/\/yoast.com\/product\/yoast-seo-wordpress\/ -->\n<title>Global Recycling Day on 18th of March 2019 - SECONTRADE Blog<\/title>\n<meta name=\"description\" content=\"Der Weltrecyclingtag ist auch f\u00fcr das SECONTRADE-Team von h\u00f6chster Brisanz. Es wird bewusst die Rohstoffr\u00fcckgewinnung forciert.\" \/>\n<meta name=\"robots\" content=\"index, follow, max-snippet:-1, max-image-preview:large, max-video-preview:-1\" \/>\n<link rel=\"canonical\" href=\"https:\/\/secontrade.com\/blog\/en\/2019\/03\/20\/global-recycling-day-on-18th-of-march-2019\/\" \/>\n<meta property=\"og:locale\" content=\"de_DE\" \/>\n<meta property=\"og:type\" content=\"article\" \/>\n<meta property=\"og:title\" content=\"Global Recycling Day on 18th of March 2019 - SECONTRADE Blog\" \/>\n<meta property=\"og:description\" content=\"Der Weltrecyclingtag ist auch f\u00fcr das SECONTRADE-Team von h\u00f6chster Brisanz. Es wird bewusst die Rohstoffr\u00fcckgewinnung forciert.\" \/>\n<meta property=\"og:url\" content=\"https:\/\/secontrade.com\/blog\/en\/2019\/03\/20\/global-recycling-day-on-18th-of-march-2019\/\" \/>\n<meta property=\"og:site_name\" content=\"SECONTRADE Blog\" \/>\n<meta property=\"article:published_time\" content=\"2019-03-20T08:10:00+00:00\" \/>\n<meta property=\"article:modified_time\" content=\"2022-12-15T10:09:54+00:00\" \/>\n<meta property=\"og:image\" content=\"https:\/\/secontrade.com\/blog\/wp-content\/uploads\/2019\/03\/Beitragsbild_final_Blog-neu-1.jpg\" \/>\n\t<meta property=\"og:image:width\" content=\"572\" \/>\n\t<meta property=\"og:image:height\" content=\"429\" \/>\n\t<meta property=\"og:image:type\" content=\"image\/jpeg\" \/>\n<meta name=\"author\" content=\"Stephanie Zsifkovits\" \/>\n<meta name=\"twitter:card\" content=\"summary_large_image\" \/>\n<meta name=\"twitter:label1\" content=\"Verfasst von\" \/>\n\t<meta name=\"twitter:data1\" content=\"Stephanie Zsifkovits\" \/>\n\t<meta name=\"twitter:label2\" content=\"Gesch\u00e4tzte Lesezeit\" \/>\n\t<meta name=\"twitter:data2\" content=\"3\u00a0Minuten\" \/>\n<script type=\"application\/ld+json\" class=\"yoast-schema-graph\">{\"@context\":\"https:\\\/\\\/schema.org\",\"@graph\":[{\"@type\":\"Article\",\"@id\":\"https:\\\/\\\/secontrade.com\\\/blog\\\/en\\\/2019\\\/03\\\/20\\\/global-recycling-day-on-18th-of-march-2019\\\/#article\",\"isPartOf\":{\"@id\":\"https:\\\/\\\/secontrade.com\\\/blog\\\/en\\\/2019\\\/03\\\/20\\\/global-recycling-day-on-18th-of-march-2019\\\/\"},\"author\":{\"name\":\"Stephanie Zsifkovits\",\"@id\":\"https:\\\/\\\/secontrade.com\\\/blog\\\/#\\\/schema\\\/person\\\/ed53e5e8ebc9796b04df8a01518cb1af\"},\"headline\":\"Global Recycling Day on 18th of March 2019\",\"datePublished\":\"2019-03-20T08:10:00+00:00\",\"dateModified\":\"2022-12-15T10:09:54+00:00\",\"mainEntityOfPage\":{\"@id\":\"https:\\\/\\\/secontrade.com\\\/blog\\\/en\\\/2019\\\/03\\\/20\\\/global-recycling-day-on-18th-of-march-2019\\\/\"},\"wordCount\":373,\"commentCount\":0,\"publisher\":{\"@id\":\"https:\\\/\\\/secontrade.com\\\/blog\\\/#organization\"},\"image\":{\"@id\":\"https:\\\/\\\/secontrade.com\\\/blog\\\/en\\\/2019\\\/03\\\/20\\\/global-recycling-day-on-18th-of-march-2019\\\/#primaryimage\"},\"thumbnailUrl\":\"https:\\\/\\\/secontrade.com\\\/blog\\\/wp-content\\\/uploads\\\/2019\\\/03\\\/Beitragsbild_final_Blog-neu-1.jpg\",\"inLanguage\":\"de\",\"potentialAction\":[{\"@type\":\"CommentAction\",\"name\":\"Comment\",\"target\":[\"https:\\\/\\\/secontrade.com\\\/blog\\\/en\\\/2019\\\/03\\\/20\\\/global-recycling-day-on-18th-of-march-2019\\\/#respond\"]}]},{\"@type\":\"WebPage\",\"@id\":\"https:\\\/\\\/secontrade.com\\\/blog\\\/en\\\/2019\\\/03\\\/20\\\/global-recycling-day-on-18th-of-march-2019\\\/\",\"url\":\"https:\\\/\\\/secontrade.com\\\/blog\\\/en\\\/2019\\\/03\\\/20\\\/global-recycling-day-on-18th-of-march-2019\\\/\",\"name\":\"Global Recycling Day on 18th of March 2019 - SECONTRADE Blog\",\"isPartOf\":{\"@id\":\"https:\\\/\\\/secontrade.com\\\/blog\\\/#website\"},\"primaryImageOfPage\":{\"@id\":\"https:\\\/\\\/secontrade.com\\\/blog\\\/en\\\/2019\\\/03\\\/20\\\/global-recycling-day-on-18th-of-march-2019\\\/#primaryimage\"},\"image\":{\"@id\":\"https:\\\/\\\/secontrade.com\\\/blog\\\/en\\\/2019\\\/03\\\/20\\\/global-recycling-day-on-18th-of-march-2019\\\/#primaryimage\"},\"thumbnailUrl\":\"https:\\\/\\\/secontrade.com\\\/blog\\\/wp-content\\\/uploads\\\/2019\\\/03\\\/Beitragsbild_final_Blog-neu-1.jpg\",\"datePublished\":\"2019-03-20T08:10:00+00:00\",\"dateModified\":\"2022-12-15T10:09:54+00:00\",\"description\":\"Der Weltrecyclingtag ist auch f\u00fcr das SECONTRADE-Team von h\u00f6chster Brisanz. Es wird bewusst die Rohstoffr\u00fcckgewinnung forciert.\",\"breadcrumb\":{\"@id\":\"https:\\\/\\\/secontrade.com\\\/blog\\\/en\\\/2019\\\/03\\\/20\\\/global-recycling-day-on-18th-of-march-2019\\\/#breadcrumb\"},\"inLanguage\":\"de\",\"potentialAction\":[{\"@type\":\"ReadAction\",\"target\":[\"https:\\\/\\\/secontrade.com\\\/blog\\\/en\\\/2019\\\/03\\\/20\\\/global-recycling-day-on-18th-of-march-2019\\\/\"]}]},{\"@type\":\"ImageObject\",\"inLanguage\":\"de\",\"@id\":\"https:\\\/\\\/secontrade.com\\\/blog\\\/en\\\/2019\\\/03\\\/20\\\/global-recycling-day-on-18th-of-march-2019\\\/#primaryimage\",\"url\":\"https:\\\/\\\/secontrade.com\\\/blog\\\/wp-content\\\/uploads\\\/2019\\\/03\\\/Beitragsbild_final_Blog-neu-1.jpg\",\"contentUrl\":\"https:\\\/\\\/secontrade.com\\\/blog\\\/wp-content\\\/uploads\\\/2019\\\/03\\\/Beitragsbild_final_Blog-neu-1.jpg\",\"width\":572,\"height\":429},{\"@type\":\"BreadcrumbList\",\"@id\":\"https:\\\/\\\/secontrade.com\\\/blog\\\/en\\\/2019\\\/03\\\/20\\\/global-recycling-day-on-18th-of-march-2019\\\/#breadcrumb\",\"itemListElement\":[{\"@type\":\"ListItem\",\"position\":1,\"name\":\"Startseite\",\"item\":\"https:\\\/\\\/secontrade.com\\\/blog\\\/en\\\/\"},{\"@type\":\"ListItem\",\"position\":2,\"name\":\"Global Recycling Day on 18th of March 2019\"}]},{\"@type\":\"WebSite\",\"@id\":\"https:\\\/\\\/secontrade.com\\\/blog\\\/#website\",\"url\":\"https:\\\/\\\/secontrade.com\\\/blog\\\/\",\"name\":\"SECONTRADE Blog\",\"description\":\"Sekund\u00e4r-Rohstoff-Handel\",\"publisher\":{\"@id\":\"https:\\\/\\\/secontrade.com\\\/blog\\\/#organization\"},\"potentialAction\":[{\"@type\":\"SearchAction\",\"target\":{\"@type\":\"EntryPoint\",\"urlTemplate\":\"https:\\\/\\\/secontrade.com\\\/blog\\\/?s={search_term_string}\"},\"query-input\":{\"@type\":\"PropertyValueSpecification\",\"valueRequired\":true,\"valueName\":\"search_term_string\"}}],\"inLanguage\":\"de\"},{\"@type\":\"Organization\",\"@id\":\"https:\\\/\\\/secontrade.com\\\/blog\\\/#organization\",\"name\":\"SECONTRADE\",\"url\":\"https:\\\/\\\/secontrade.com\\\/blog\\\/\",\"logo\":{\"@type\":\"ImageObject\",\"inLanguage\":\"de\",\"@id\":\"https:\\\/\\\/secontrade.com\\\/blog\\\/#\\\/schema\\\/logo\\\/image\\\/\",\"url\":\"https:\\\/\\\/secontrade.com\\\/blog\\\/wp-content\\\/uploads\\\/2018\\\/11\\\/Secontrade_Logo.jpg\",\"contentUrl\":\"https:\\\/\\\/secontrade.com\\\/blog\\\/wp-content\\\/uploads\\\/2018\\\/11\\\/Secontrade_Logo.jpg\",\"width\":1587,\"height\":609,\"caption\":\"SECONTRADE\"},\"image\":{\"@id\":\"https:\\\/\\\/secontrade.com\\\/blog\\\/#\\\/schema\\\/logo\\\/image\\\/\"},\"sameAs\":[\"https:\\\/\\\/www.linkedin.com\\\/company\\\/secontrade-gmbh\\\/\"]},{\"@type\":\"Person\",\"@id\":\"https:\\\/\\\/secontrade.com\\\/blog\\\/#\\\/schema\\\/person\\\/ed53e5e8ebc9796b04df8a01518cb1af\",\"name\":\"Stephanie Zsifkovits\",\"sameAs\":[\"http:\\\/\\\/www.secontrade.com\"],\"url\":\"https:\\\/\\\/secontrade.com\\\/blog\\\/author\\\/secontrade\\\/\"}]}<\/script>\n<!-- \/ Yoast SEO plugin. -->","yoast_head_json":{"title":"Global Recycling Day on 18th of March 2019 - SECONTRADE Blog","description":"Der Weltrecyclingtag ist auch f\u00fcr das SECONTRADE-Team von h\u00f6chster Brisanz. Es wird bewusst die Rohstoffr\u00fcckgewinnung forciert.","robots":{"index":"index","follow":"follow","max-snippet":"max-snippet:-1","max-image-preview":"max-image-preview:large","max-video-preview":"max-video-preview:-1"},"canonical":"https:\/\/secontrade.com\/blog\/en\/2019\/03\/20\/global-recycling-day-on-18th-of-march-2019\/","og_locale":"de_DE","og_type":"article","og_title":"Global Recycling Day on 18th of March 2019 - SECONTRADE Blog","og_description":"Der Weltrecyclingtag ist auch f\u00fcr das SECONTRADE-Team von h\u00f6chster Brisanz. Es wird bewusst die Rohstoffr\u00fcckgewinnung forciert.","og_url":"https:\/\/secontrade.com\/blog\/en\/2019\/03\/20\/global-recycling-day-on-18th-of-march-2019\/","og_site_name":"SECONTRADE Blog","article_published_time":"2019-03-20T08:10:00+00:00","article_modified_time":"2022-12-15T10:09:54+00:00","og_image":[{"width":572,"height":429,"url":"https:\/\/secontrade.com\/blog\/wp-content\/uploads\/2019\/03\/Beitragsbild_final_Blog-neu-1.jpg","type":"image\/jpeg"}],"author":"Stephanie Zsifkovits","twitter_card":"summary_large_image","twitter_misc":{"Verfasst von":"Stephanie Zsifkovits","Gesch\u00e4tzte Lesezeit":"3\u00a0Minuten"},"schema":{"@context":"https:\/\/schema.org","@graph":[{"@type":"Article","@id":"https:\/\/secontrade.com\/blog\/en\/2019\/03\/20\/global-recycling-day-on-18th-of-march-2019\/#article","isPartOf":{"@id":"https:\/\/secontrade.com\/blog\/en\/2019\/03\/20\/global-recycling-day-on-18th-of-march-2019\/"},"author":{"name":"Stephanie Zsifkovits","@id":"https:\/\/secontrade.com\/blog\/#\/schema\/person\/ed53e5e8ebc9796b04df8a01518cb1af"},"headline":"Global Recycling Day on 18th of March 2019","datePublished":"2019-03-20T08:10:00+00:00","dateModified":"2022-12-15T10:09:54+00:00","mainEntityOfPage":{"@id":"https:\/\/secontrade.com\/blog\/en\/2019\/03\/20\/global-recycling-day-on-18th-of-march-2019\/"},"wordCount":373,"commentCount":0,"publisher":{"@id":"https:\/\/secontrade.com\/blog\/#organization"},"image":{"@id":"https:\/\/secontrade.com\/blog\/en\/2019\/03\/20\/global-recycling-day-on-18th-of-march-2019\/#primaryimage"},"thumbnailUrl":"https:\/\/secontrade.com\/blog\/wp-content\/uploads\/2019\/03\/Beitragsbild_final_Blog-neu-1.jpg","inLanguage":"de","potentialAction":[{"@type":"CommentAction","name":"Comment","target":["https:\/\/secontrade.com\/blog\/en\/2019\/03\/20\/global-recycling-day-on-18th-of-march-2019\/#respond"]}]},{"@type":"WebPage","@id":"https:\/\/secontrade.com\/blog\/en\/2019\/03\/20\/global-recycling-day-on-18th-of-march-2019\/","url":"https:\/\/secontrade.com\/blog\/en\/2019\/03\/20\/global-recycling-day-on-18th-of-march-2019\/","name":"Global Recycling Day on 18th of March 2019 - SECONTRADE Blog","isPartOf":{"@id":"https:\/\/secontrade.com\/blog\/#website"},"primaryImageOfPage":{"@id":"https:\/\/secontrade.com\/blog\/en\/2019\/03\/20\/global-recycling-day-on-18th-of-march-2019\/#primaryimage"},"image":{"@id":"https:\/\/secontrade.com\/blog\/en\/2019\/03\/20\/global-recycling-day-on-18th-of-march-2019\/#primaryimage"},"thumbnailUrl":"https:\/\/secontrade.com\/blog\/wp-content\/uploads\/2019\/03\/Beitragsbild_final_Blog-neu-1.jpg","datePublished":"2019-03-20T08:10:00+00:00","dateModified":"2022-12-15T10:09:54+00:00","description":"Der Weltrecyclingtag ist auch f\u00fcr das SECONTRADE-Team von h\u00f6chster Brisanz. Es wird bewusst die Rohstoffr\u00fcckgewinnung forciert.","breadcrumb":{"@id":"https:\/\/secontrade.com\/blog\/en\/2019\/03\/20\/global-recycling-day-on-18th-of-march-2019\/#breadcrumb"},"inLanguage":"de","potentialAction":[{"@type":"ReadAction","target":["https:\/\/secontrade.com\/blog\/en\/2019\/03\/20\/global-recycling-day-on-18th-of-march-2019\/"]}]},{"@type":"ImageObject","inLanguage":"de","@id":"https:\/\/secontrade.com\/blog\/en\/2019\/03\/20\/global-recycling-day-on-18th-of-march-2019\/#primaryimage","url":"https:\/\/secontrade.com\/blog\/wp-content\/uploads\/2019\/03\/Beitragsbild_final_Blog-neu-1.jpg","contentUrl":"https:\/\/secontrade.com\/blog\/wp-content\/uploads\/2019\/03\/Beitragsbild_final_Blog-neu-1.jpg","width":572,"height":429},{"@type":"BreadcrumbList","@id":"https:\/\/secontrade.com\/blog\/en\/2019\/03\/20\/global-recycling-day-on-18th-of-march-2019\/#breadcrumb","itemListElement":[{"@type":"ListItem","position":1,"name":"Startseite","item":"https:\/\/secontrade.com\/blog\/en\/"},{"@type":"ListItem","position":2,"name":"Global Recycling Day on 18th of March 2019"}]},{"@type":"WebSite","@id":"https:\/\/secontrade.com\/blog\/#website","url":"https:\/\/secontrade.com\/blog\/","name":"SECONTRADE Blog","description":"Sekund\u00e4r-Rohstoff-Handel","publisher":{"@id":"https:\/\/secontrade.com\/blog\/#organization"},"potentialAction":[{"@type":"SearchAction","target":{"@type":"EntryPoint","urlTemplate":"https:\/\/secontrade.com\/blog\/?s={search_term_string}"},"query-input":{"@type":"PropertyValueSpecification","valueRequired":true,"valueName":"search_term_string"}}],"inLanguage":"de"},{"@type":"Organization","@id":"https:\/\/secontrade.com\/blog\/#organization","name":"SECONTRADE","url":"https:\/\/secontrade.com\/blog\/","logo":{"@type":"ImageObject","inLanguage":"de","@id":"https:\/\/secontrade.com\/blog\/#\/schema\/logo\/image\/","url":"https:\/\/secontrade.com\/blog\/wp-content\/uploads\/2018\/11\/Secontrade_Logo.jpg","contentUrl":"https:\/\/secontrade.com\/blog\/wp-content\/uploads\/2018\/11\/Secontrade_Logo.jpg","width":1587,"height":609,"caption":"SECONTRADE"},"image":{"@id":"https:\/\/secontrade.com\/blog\/#\/schema\/logo\/image\/"},"sameAs":["https:\/\/www.linkedin.com\/company\/secontrade-gmbh\/"]},{"@type":"Person","@id":"https:\/\/secontrade.com\/blog\/#\/schema\/person\/ed53e5e8ebc9796b04df8a01518cb1af","name":"Stephanie Zsifkovits","sameAs":["http:\/\/www.secontrade.com"],"url":"https:\/\/secontrade.com\/blog\/author\/secontrade\/"}]}},"_links":{"self":[{"href":"https:\/\/secontrade.com\/blog\/wp-json\/wp\/v2\/posts\/402","targetHints":{"allow":["GET"]}}],"collection":[{"href":"https:\/\/secontrade.com\/blog\/wp-json\/wp\/v2\/posts"}],"about":[{"href":"https:\/\/secontrade.com\/blog\/wp-json\/wp\/v2\/types\/post"}],"author":[{"embeddable":true,"href":"https:\/\/secontrade.com\/blog\/wp-json\/wp\/v2\/users\/2"}],"replies":[{"embeddable":true,"href":"https:\/\/secontrade.com\/blog\/wp-json\/wp\/v2\/comments?post=402"}],"version-history":[{"count":3,"href":"https:\/\/secontrade.com\/blog\/wp-json\/wp\/v2\/posts\/402\/revisions"}],"predecessor-version":[{"id":803,"href":"https:\/\/secontrade.com\/blog\/wp-json\/wp\/v2\/posts\/402\/revisions\/803"}],"wp:featuredmedia":[{"embeddable":true,"href":"https:\/\/secontrade.com\/blog\/wp-json\/wp\/v2\/media\/569"}],"wp:attachment":[{"href":"https:\/\/secontrade.com\/blog\/wp-json\/wp\/v2\/media?parent=402"}],"wp:term":[{"taxonomy":"category","embeddable":true,"href":"https:\/\/secontrade.com\/blog\/wp-json\/wp\/v2\/categories?post=402"},{"taxonomy":"post_tag","embeddable":true,"href":"https:\/\/secontrade.com\/blog\/wp-json\/wp\/v2\/tags?post=402"}],"curies":[{"name":"wp","href":"https:\/\/api.w.org\/{rel}","templated":true}]}}