{"id":1351,"date":"2025-11-26T16:37:58","date_gmt":"2025-11-26T15:37:58","guid":{"rendered":"https:\/\/secontrade.com\/blog\/?p=1351"},"modified":"2025-12-16T14:41:57","modified_gmt":"2025-12-16T13:41:57","slug":"e-waste-als-ressource-der-zukunft","status":"publish","type":"post","link":"https:\/\/secontrade.com\/blog\/2025\/11\/26\/e-waste-als-ressource-der-zukunft\/","title":{"rendered":"E-Waste als Ressource der Zukunft"},"content":{"rendered":"\n<p><strong>Vom 22. bis 30. November steht Europa im Zeichen der European Week for Waste Reduction (EWWR). Die gr\u00f6\u00dfte Aktionswoche f\u00fcr Ressourcenschutz verfolgt ein klares Ziel: Bewusstsein schaffen f\u00fcr einen verantwortungsvollen Umgang mit endlich verf\u00fcgbaren Ressourcen.<\/strong><\/p>\n\n\n\n<p>Elektronische Ger\u00e4te sind unverzichtbar f\u00fcr unseren Alltag \u2013 und f\u00fcr die Energiewende. Doch mit ihrer Verbreitung steigt auch die Menge an Elektroschrott. E-Waste ist der am schnellsten wachsende Abfallstrom in Europa, mit einem j\u00e4hrlichen Zuwachs von rund 2\u202fProzent. 2022 wurden in der EU rund 14,4 Millionen Tonnen Elektroger\u00e4te verkauft. Nur 5 Millionen Tonnen wurden gesammelt, das entspricht einem E-Waste-Aufkommen von 11,2 kg pro Person.<\/p>\n\n\n\n<h2 class=\"wp-block-heading\">Kritische Rohstoffe im Fokus<\/h2>\n\n\n\n<p>Elektroger\u00e4te enthalten neben umweltsch\u00e4dlichen Stoffen wie Quecksilber wertvolle kritische Ressourcen, darunter Kupfer, Aluminium, Palladium und seltene Erden. Laut aktuellem FutuRaM-Report (Future Availability of Secondary Raw Materials) sind in Europas Elektroschrott j\u00e4hrlich rund 1 Million Tonnen kritische Rohstoffe enthalten. Bis 2050 k\u00f6nnte sich diese Menge auf 1,9 Millionen Tonnen verdoppeln. Gleichzeitig steigt das Gesamtvolumen an E-Schrott auf bis zu 19 Millionen Tonnen pro Jahr. Die Botschaft ist klar: Recycling ist ein zentraler Hebel f\u00fcr Europas Rohstoffsicherheit und zur Erreichung der EU-Klimaziele.<\/p>\n\n\n\n<h2 class=\"wp-block-heading\">Die drei R als Leitprinzip<\/h2>\n\n\n\n<p>Die EWWR verfolgt mit den drei Prinzipien <strong>Reduce <\/strong>(Abfall vermeiden), <strong>Reuse <\/strong>(Wiederverwenden) und <strong>Recycle <\/strong>(Wiederverwerten) einen ganzheitlichen Ansatz. Abf\u00e4lle sollen vermieden werden (Reduce), indem Konsum bewusster gestaltet und Produkte langlebiger entwickelt werden. Gleichzeitig gilt es, die Lebensdauer von Ger\u00e4ten zu verl\u00e4ngern, sie zu reparieren oder weiterzugeben (Reuse), bevor sie zu Abfall werden. Und schlie\u00dflich m\u00fcssen Materialien nach ihrer Nutzung hochwertig recycelt und erneut in den Wirtschaftskreislauf eingebracht werden (Recycle).<\/p>\n\n\n\n<h2 class=\"wp-block-heading\">Europa als Vorreiter<\/h2>\n\n\n\n<p>Die Aktionswoche macht Kreislaufwirtschaft in Europa erlebbar: Projekte wie RecycleIT schenken ausgedienten IT-Ger\u00e4ten ein zweites Leben, Restart Parties f\u00f6rdern gemeinschaftliche Reparaturen, und das E6-Projekt st\u00e4rkt regionale Strukturen f\u00fcr Wiederverwendung und Aufr\u00fcstung. Auch \u00d6sterreich setzt ein Zeichen f\u00fcr eine funktionierende Circular Economy:<\/p>\n\n\n\n<ul class=\"wp-block-list\">\n<li>Das Repair Caf\u00e9 Wien l\u00e4dt B\u00fcrger:innen ein, defekte Elektroger\u00e4te gemeinsam mit Expert:innen zu reparieren (Reuse).<\/li>\n\n\n\n<li>Die Elektroger\u00e4te-Tauschb\u00f6rse Graz schafft eine Plattform f\u00fcr Wiederverwendung statt Entsorgung (Reduce).<\/li>\n\n\n\n<li>Der Upcycling-Workshop Linz zeigt, wie aus alten Elektrokomponenten kreative Designobjekte entstehen (Recycle).<\/li>\n<\/ul>\n\n\n\n<h2 class=\"wp-block-heading\">SECONTRADE als Teil der L\u00f6sung<\/h2>\n\n\n\n<p>Die Europ\u00e4ische Woche der Abfallvermeidung zeigt: Ressourcenschonung beginnt bei uns allen \u2013 und sie braucht daf\u00fcr die richtigen Bedingungen. SECONTRADE bietet H\u00e4ndler und K\u00e4ufern eine digitale L\u00f6sung, um hochwertige Sekund\u00e4r-Rohstoffe effizient und transparent zu handeln. So gelangen wertvolle Materialien zur\u00fcck in den Kreislauf und erm\u00f6glichen eine gelebte Circular Economy in \u00d6sterreich und Europa.<\/p>\n\n\n\n<p>Mehr erfahren: <a href=\"https:\/\/ewwr.eu\/deu\/\" target=\"_blank\" rel=\"noreferrer noopener\">Europ\u00e4ische Woche der Abfallvermeidung &#8211; EWWR<\/a><\/p>\n","protected":false},"excerpt":{"rendered":"<p>Vom 22. bis 30. November steht Europa im Zeichen der European Week for Waste Reduction (EWWR). Die gr\u00f6\u00dfte Aktionswoche f\u00fcr Ressourcenschutz verfolgt ein klares Ziel: Bewusstsein schaffen f\u00fcr einen verantwortungsvollen &#8230;<\/p>\n","protected":false},"author":2,"featured_media":1353,"comment_status":"closed","ping_status":"closed","sticky":false,"template":"","format":"standard","meta":{"footnotes":""},"categories":[1],"tags":[330,328,332,246],"class_list":["post-1351","post","type-post","status-publish","format-standard","has-post-thumbnail","hentry","category-allgemein","tag-abfallvermeidung","tag-e-waste","tag-ressourcenschutz","tag-sekundaer-rohstoffe"],"polylang_current_lang":"de_DE","polylang_translations":[{"locale":"de_DE","id":1351}],"featured_image_src":"https:\/\/secontrade.com\/blog\/wp-content\/uploads\/2025\/11\/iStock-1486743961_Newsformat-300x225.jpg","yoast_head":"<!-- This site is optimized with the Yoast SEO plugin v27.4 - https:\/\/yoast.com\/product\/yoast-seo-wordpress\/ -->\n<title>E-Waste als Ressource der Zukunft - SECONTRADE Blog<\/title>\n<meta name=\"description\" content=\"Vom 22. bis 30. November steht Europa im Zeichen der European Week for Waste Reduction (EWWR). Die gr\u00f6\u00dfte Aktionswoche f\u00fcr Ressourcenschutz verfolgt ein klares Ziel: Bewusstsein schaffen f\u00fcr einen verantwortungsvollen ...\" \/>\n<meta name=\"robots\" content=\"index, follow, max-snippet:-1, max-image-preview:large, max-video-preview:-1\" \/>\n<link rel=\"canonical\" href=\"https:\/\/secontrade.com\/blog\/2025\/11\/26\/e-waste-als-ressource-der-zukunft\/\" \/>\n<meta property=\"og:locale\" content=\"de_DE\" \/>\n<meta property=\"og:type\" content=\"article\" \/>\n<meta property=\"og:title\" content=\"E-Waste als Ressource der Zukunft - SECONTRADE Blog\" \/>\n<meta property=\"og:description\" content=\"Vom 22. bis 30. November steht Europa im Zeichen der European Week for Waste Reduction (EWWR). Die gr\u00f6\u00dfte Aktionswoche f\u00fcr Ressourcenschutz verfolgt ein klares Ziel: Bewusstsein schaffen f\u00fcr einen verantwortungsvollen ...\" \/>\n<meta property=\"og:url\" content=\"https:\/\/secontrade.com\/blog\/2025\/11\/26\/e-waste-als-ressource-der-zukunft\/\" \/>\n<meta property=\"og:site_name\" content=\"SECONTRADE Blog\" \/>\n<meta property=\"article:published_time\" content=\"2025-11-26T15:37:58+00:00\" \/>\n<meta property=\"article:modified_time\" content=\"2025-12-16T13:41:57+00:00\" \/>\n<meta property=\"og:image\" content=\"https:\/\/secontrade.com\/blog\/wp-content\/uploads\/2025\/11\/iStock-1486743961_Newsformat.jpg\" \/>\n\t<meta property=\"og:image:width\" content=\"1232\" \/>\n\t<meta property=\"og:image:height\" content=\"924\" \/>\n\t<meta property=\"og:image:type\" content=\"image\/jpeg\" \/>\n<meta name=\"author\" content=\"Stephanie Zsifkovits\" \/>\n<meta name=\"twitter:card\" content=\"summary_large_image\" \/>\n<meta name=\"twitter:label1\" content=\"Verfasst von\" \/>\n\t<meta name=\"twitter:data1\" content=\"Stephanie Zsifkovits\" \/>\n\t<meta name=\"twitter:label2\" content=\"Gesch\u00e4tzte Lesezeit\" \/>\n\t<meta name=\"twitter:data2\" content=\"3\u00a0Minuten\" \/>\n<script type=\"application\/ld+json\" class=\"yoast-schema-graph\">{\"@context\":\"https:\\\/\\\/schema.org\",\"@graph\":[{\"@type\":\"Article\",\"@id\":\"https:\\\/\\\/secontrade.com\\\/blog\\\/2025\\\/11\\\/26\\\/e-waste-als-ressource-der-zukunft\\\/#article\",\"isPartOf\":{\"@id\":\"https:\\\/\\\/secontrade.com\\\/blog\\\/2025\\\/11\\\/26\\\/e-waste-als-ressource-der-zukunft\\\/\"},\"author\":{\"name\":\"Stephanie Zsifkovits\",\"@id\":\"https:\\\/\\\/secontrade.com\\\/blog\\\/#\\\/schema\\\/person\\\/ed53e5e8ebc9796b04df8a01518cb1af\"},\"headline\":\"E-Waste als Ressource der Zukunft\",\"datePublished\":\"2025-11-26T15:37:58+00:00\",\"dateModified\":\"2025-12-16T13:41:57+00:00\",\"mainEntityOfPage\":{\"@id\":\"https:\\\/\\\/secontrade.com\\\/blog\\\/2025\\\/11\\\/26\\\/e-waste-als-ressource-der-zukunft\\\/\"},\"wordCount\":442,\"publisher\":{\"@id\":\"https:\\\/\\\/secontrade.com\\\/blog\\\/#organization\"},\"image\":{\"@id\":\"https:\\\/\\\/secontrade.com\\\/blog\\\/2025\\\/11\\\/26\\\/e-waste-als-ressource-der-zukunft\\\/#primaryimage\"},\"thumbnailUrl\":\"https:\\\/\\\/secontrade.com\\\/blog\\\/wp-content\\\/uploads\\\/2025\\\/11\\\/iStock-1486743961_Newsformat.jpg\",\"keywords\":[\"Abfallvermeidung\",\"E-Waste\",\"Ressourcenschutz\",\"Sekund\u00e4r-Rohstoffe\"],\"inLanguage\":\"de\"},{\"@type\":\"WebPage\",\"@id\":\"https:\\\/\\\/secontrade.com\\\/blog\\\/2025\\\/11\\\/26\\\/e-waste-als-ressource-der-zukunft\\\/\",\"url\":\"https:\\\/\\\/secontrade.com\\\/blog\\\/2025\\\/11\\\/26\\\/e-waste-als-ressource-der-zukunft\\\/\",\"name\":\"E-Waste als Ressource der Zukunft - SECONTRADE Blog\",\"isPartOf\":{\"@id\":\"https:\\\/\\\/secontrade.com\\\/blog\\\/#website\"},\"primaryImageOfPage\":{\"@id\":\"https:\\\/\\\/secontrade.com\\\/blog\\\/2025\\\/11\\\/26\\\/e-waste-als-ressource-der-zukunft\\\/#primaryimage\"},\"image\":{\"@id\":\"https:\\\/\\\/secontrade.com\\\/blog\\\/2025\\\/11\\\/26\\\/e-waste-als-ressource-der-zukunft\\\/#primaryimage\"},\"thumbnailUrl\":\"https:\\\/\\\/secontrade.com\\\/blog\\\/wp-content\\\/uploads\\\/2025\\\/11\\\/iStock-1486743961_Newsformat.jpg\",\"datePublished\":\"2025-11-26T15:37:58+00:00\",\"dateModified\":\"2025-12-16T13:41:57+00:00\",\"description\":\"Vom 22. bis 30. November steht Europa im Zeichen der European Week for Waste Reduction (EWWR). Die gr\u00f6\u00dfte Aktionswoche f\u00fcr Ressourcenschutz verfolgt ein klares Ziel: Bewusstsein schaffen f\u00fcr einen verantwortungsvollen ...\",\"breadcrumb\":{\"@id\":\"https:\\\/\\\/secontrade.com\\\/blog\\\/2025\\\/11\\\/26\\\/e-waste-als-ressource-der-zukunft\\\/#breadcrumb\"},\"inLanguage\":\"de\",\"potentialAction\":[{\"@type\":\"ReadAction\",\"target\":[\"https:\\\/\\\/secontrade.com\\\/blog\\\/2025\\\/11\\\/26\\\/e-waste-als-ressource-der-zukunft\\\/\"]}]},{\"@type\":\"ImageObject\",\"inLanguage\":\"de\",\"@id\":\"https:\\\/\\\/secontrade.com\\\/blog\\\/2025\\\/11\\\/26\\\/e-waste-als-ressource-der-zukunft\\\/#primaryimage\",\"url\":\"https:\\\/\\\/secontrade.com\\\/blog\\\/wp-content\\\/uploads\\\/2025\\\/11\\\/iStock-1486743961_Newsformat.jpg\",\"contentUrl\":\"https:\\\/\\\/secontrade.com\\\/blog\\\/wp-content\\\/uploads\\\/2025\\\/11\\\/iStock-1486743961_Newsformat.jpg\",\"width\":1232,\"height\":924,\"caption\":\"Tree growing on the converging point of computer circuit board. Green computing, Green technology, Green IT, CSR, and IT ethics. Concept of green technology. Environment green technology.\"},{\"@type\":\"BreadcrumbList\",\"@id\":\"https:\\\/\\\/secontrade.com\\\/blog\\\/2025\\\/11\\\/26\\\/e-waste-als-ressource-der-zukunft\\\/#breadcrumb\",\"itemListElement\":[{\"@type\":\"ListItem\",\"position\":1,\"name\":\"Startseite\",\"item\":\"https:\\\/\\\/secontrade.com\\\/blog\\\/en\\\/\"},{\"@type\":\"ListItem\",\"position\":2,\"name\":\"E-Waste als Ressource der Zukunft\"}]},{\"@type\":\"WebSite\",\"@id\":\"https:\\\/\\\/secontrade.com\\\/blog\\\/#website\",\"url\":\"https:\\\/\\\/secontrade.com\\\/blog\\\/\",\"name\":\"SECONTRADE Blog\",\"description\":\"Sekund\u00e4r-Rohstoff-Handel\",\"publisher\":{\"@id\":\"https:\\\/\\\/secontrade.com\\\/blog\\\/#organization\"},\"potentialAction\":[{\"@type\":\"SearchAction\",\"target\":{\"@type\":\"EntryPoint\",\"urlTemplate\":\"https:\\\/\\\/secontrade.com\\\/blog\\\/?s={search_term_string}\"},\"query-input\":{\"@type\":\"PropertyValueSpecification\",\"valueRequired\":true,\"valueName\":\"search_term_string\"}}],\"inLanguage\":\"de\"},{\"@type\":\"Organization\",\"@id\":\"https:\\\/\\\/secontrade.com\\\/blog\\\/#organization\",\"name\":\"SECONTRADE\",\"url\":\"https:\\\/\\\/secontrade.com\\\/blog\\\/\",\"logo\":{\"@type\":\"ImageObject\",\"inLanguage\":\"de\",\"@id\":\"https:\\\/\\\/secontrade.com\\\/blog\\\/#\\\/schema\\\/logo\\\/image\\\/\",\"url\":\"https:\\\/\\\/secontrade.com\\\/blog\\\/wp-content\\\/uploads\\\/2018\\\/11\\\/Secontrade_Logo.jpg\",\"contentUrl\":\"https:\\\/\\\/secontrade.com\\\/blog\\\/wp-content\\\/uploads\\\/2018\\\/11\\\/Secontrade_Logo.jpg\",\"width\":1587,\"height\":609,\"caption\":\"SECONTRADE\"},\"image\":{\"@id\":\"https:\\\/\\\/secontrade.com\\\/blog\\\/#\\\/schema\\\/logo\\\/image\\\/\"},\"sameAs\":[\"https:\\\/\\\/www.linkedin.com\\\/company\\\/secontrade-gmbh\\\/\"]},{\"@type\":\"Person\",\"@id\":\"https:\\\/\\\/secontrade.com\\\/blog\\\/#\\\/schema\\\/person\\\/ed53e5e8ebc9796b04df8a01518cb1af\",\"name\":\"Stephanie Zsifkovits\",\"sameAs\":[\"http:\\\/\\\/www.secontrade.com\"],\"url\":\"https:\\\/\\\/secontrade.com\\\/blog\\\/author\\\/secontrade\\\/\"}]}<\/script>\n<!-- \/ Yoast SEO plugin. -->","yoast_head_json":{"title":"E-Waste als Ressource der Zukunft - SECONTRADE Blog","description":"Vom 22. bis 30. November steht Europa im Zeichen der European Week for Waste Reduction (EWWR). Die gr\u00f6\u00dfte Aktionswoche f\u00fcr Ressourcenschutz verfolgt ein klares Ziel: Bewusstsein schaffen f\u00fcr einen verantwortungsvollen ...","robots":{"index":"index","follow":"follow","max-snippet":"max-snippet:-1","max-image-preview":"max-image-preview:large","max-video-preview":"max-video-preview:-1"},"canonical":"https:\/\/secontrade.com\/blog\/2025\/11\/26\/e-waste-als-ressource-der-zukunft\/","og_locale":"de_DE","og_type":"article","og_title":"E-Waste als Ressource der Zukunft - SECONTRADE Blog","og_description":"Vom 22. bis 30. November steht Europa im Zeichen der European Week for Waste Reduction (EWWR). Die gr\u00f6\u00dfte Aktionswoche f\u00fcr Ressourcenschutz verfolgt ein klares Ziel: Bewusstsein schaffen f\u00fcr einen verantwortungsvollen ...","og_url":"https:\/\/secontrade.com\/blog\/2025\/11\/26\/e-waste-als-ressource-der-zukunft\/","og_site_name":"SECONTRADE Blog","article_published_time":"2025-11-26T15:37:58+00:00","article_modified_time":"2025-12-16T13:41:57+00:00","og_image":[{"width":1232,"height":924,"url":"https:\/\/secontrade.com\/blog\/wp-content\/uploads\/2025\/11\/iStock-1486743961_Newsformat.jpg","type":"image\/jpeg"}],"author":"Stephanie Zsifkovits","twitter_card":"summary_large_image","twitter_misc":{"Verfasst von":"Stephanie Zsifkovits","Gesch\u00e4tzte Lesezeit":"3\u00a0Minuten"},"schema":{"@context":"https:\/\/schema.org","@graph":[{"@type":"Article","@id":"https:\/\/secontrade.com\/blog\/2025\/11\/26\/e-waste-als-ressource-der-zukunft\/#article","isPartOf":{"@id":"https:\/\/secontrade.com\/blog\/2025\/11\/26\/e-waste-als-ressource-der-zukunft\/"},"author":{"name":"Stephanie Zsifkovits","@id":"https:\/\/secontrade.com\/blog\/#\/schema\/person\/ed53e5e8ebc9796b04df8a01518cb1af"},"headline":"E-Waste als Ressource der Zukunft","datePublished":"2025-11-26T15:37:58+00:00","dateModified":"2025-12-16T13:41:57+00:00","mainEntityOfPage":{"@id":"https:\/\/secontrade.com\/blog\/2025\/11\/26\/e-waste-als-ressource-der-zukunft\/"},"wordCount":442,"publisher":{"@id":"https:\/\/secontrade.com\/blog\/#organization"},"image":{"@id":"https:\/\/secontrade.com\/blog\/2025\/11\/26\/e-waste-als-ressource-der-zukunft\/#primaryimage"},"thumbnailUrl":"https:\/\/secontrade.com\/blog\/wp-content\/uploads\/2025\/11\/iStock-1486743961_Newsformat.jpg","keywords":["Abfallvermeidung","E-Waste","Ressourcenschutz","Sekund\u00e4r-Rohstoffe"],"inLanguage":"de"},{"@type":"WebPage","@id":"https:\/\/secontrade.com\/blog\/2025\/11\/26\/e-waste-als-ressource-der-zukunft\/","url":"https:\/\/secontrade.com\/blog\/2025\/11\/26\/e-waste-als-ressource-der-zukunft\/","name":"E-Waste als Ressource der Zukunft - SECONTRADE Blog","isPartOf":{"@id":"https:\/\/secontrade.com\/blog\/#website"},"primaryImageOfPage":{"@id":"https:\/\/secontrade.com\/blog\/2025\/11\/26\/e-waste-als-ressource-der-zukunft\/#primaryimage"},"image":{"@id":"https:\/\/secontrade.com\/blog\/2025\/11\/26\/e-waste-als-ressource-der-zukunft\/#primaryimage"},"thumbnailUrl":"https:\/\/secontrade.com\/blog\/wp-content\/uploads\/2025\/11\/iStock-1486743961_Newsformat.jpg","datePublished":"2025-11-26T15:37:58+00:00","dateModified":"2025-12-16T13:41:57+00:00","description":"Vom 22. bis 30. November steht Europa im Zeichen der European Week for Waste Reduction (EWWR). Die gr\u00f6\u00dfte Aktionswoche f\u00fcr Ressourcenschutz verfolgt ein klares Ziel: Bewusstsein schaffen f\u00fcr einen verantwortungsvollen ...","breadcrumb":{"@id":"https:\/\/secontrade.com\/blog\/2025\/11\/26\/e-waste-als-ressource-der-zukunft\/#breadcrumb"},"inLanguage":"de","potentialAction":[{"@type":"ReadAction","target":["https:\/\/secontrade.com\/blog\/2025\/11\/26\/e-waste-als-ressource-der-zukunft\/"]}]},{"@type":"ImageObject","inLanguage":"de","@id":"https:\/\/secontrade.com\/blog\/2025\/11\/26\/e-waste-als-ressource-der-zukunft\/#primaryimage","url":"https:\/\/secontrade.com\/blog\/wp-content\/uploads\/2025\/11\/iStock-1486743961_Newsformat.jpg","contentUrl":"https:\/\/secontrade.com\/blog\/wp-content\/uploads\/2025\/11\/iStock-1486743961_Newsformat.jpg","width":1232,"height":924,"caption":"Tree growing on the converging point of computer circuit board. Green computing, Green technology, Green IT, CSR, and IT ethics. Concept of green technology. Environment green technology."},{"@type":"BreadcrumbList","@id":"https:\/\/secontrade.com\/blog\/2025\/11\/26\/e-waste-als-ressource-der-zukunft\/#breadcrumb","itemListElement":[{"@type":"ListItem","position":1,"name":"Startseite","item":"https:\/\/secontrade.com\/blog\/en\/"},{"@type":"ListItem","position":2,"name":"E-Waste als Ressource der Zukunft"}]},{"@type":"WebSite","@id":"https:\/\/secontrade.com\/blog\/#website","url":"https:\/\/secontrade.com\/blog\/","name":"SECONTRADE Blog","description":"Sekund\u00e4r-Rohstoff-Handel","publisher":{"@id":"https:\/\/secontrade.com\/blog\/#organization"},"potentialAction":[{"@type":"SearchAction","target":{"@type":"EntryPoint","urlTemplate":"https:\/\/secontrade.com\/blog\/?s={search_term_string}"},"query-input":{"@type":"PropertyValueSpecification","valueRequired":true,"valueName":"search_term_string"}}],"inLanguage":"de"},{"@type":"Organization","@id":"https:\/\/secontrade.com\/blog\/#organization","name":"SECONTRADE","url":"https:\/\/secontrade.com\/blog\/","logo":{"@type":"ImageObject","inLanguage":"de","@id":"https:\/\/secontrade.com\/blog\/#\/schema\/logo\/image\/","url":"https:\/\/secontrade.com\/blog\/wp-content\/uploads\/2018\/11\/Secontrade_Logo.jpg","contentUrl":"https:\/\/secontrade.com\/blog\/wp-content\/uploads\/2018\/11\/Secontrade_Logo.jpg","width":1587,"height":609,"caption":"SECONTRADE"},"image":{"@id":"https:\/\/secontrade.com\/blog\/#\/schema\/logo\/image\/"},"sameAs":["https:\/\/www.linkedin.com\/company\/secontrade-gmbh\/"]},{"@type":"Person","@id":"https:\/\/secontrade.com\/blog\/#\/schema\/person\/ed53e5e8ebc9796b04df8a01518cb1af","name":"Stephanie Zsifkovits","sameAs":["http:\/\/www.secontrade.com"],"url":"https:\/\/secontrade.com\/blog\/author\/secontrade\/"}]}},"_links":{"self":[{"href":"https:\/\/secontrade.com\/blog\/wp-json\/wp\/v2\/posts\/1351","targetHints":{"allow":["GET"]}}],"collection":[{"href":"https:\/\/secontrade.com\/blog\/wp-json\/wp\/v2\/posts"}],"about":[{"href":"https:\/\/secontrade.com\/blog\/wp-json\/wp\/v2\/types\/post"}],"author":[{"embeddable":true,"href":"https:\/\/secontrade.com\/blog\/wp-json\/wp\/v2\/users\/2"}],"replies":[{"embeddable":true,"href":"https:\/\/secontrade.com\/blog\/wp-json\/wp\/v2\/comments?post=1351"}],"version-history":[{"count":5,"href":"https:\/\/secontrade.com\/blog\/wp-json\/wp\/v2\/posts\/1351\/revisions"}],"predecessor-version":[{"id":1370,"href":"https:\/\/secontrade.com\/blog\/wp-json\/wp\/v2\/posts\/1351\/revisions\/1370"}],"wp:featuredmedia":[{"embeddable":true,"href":"https:\/\/secontrade.com\/blog\/wp-json\/wp\/v2\/media\/1353"}],"wp:attachment":[{"href":"https:\/\/secontrade.com\/blog\/wp-json\/wp\/v2\/media?parent=1351"}],"wp:term":[{"taxonomy":"category","embeddable":true,"href":"https:\/\/secontrade.com\/blog\/wp-json\/wp\/v2\/categories?post=1351"},{"taxonomy":"post_tag","embeddable":true,"href":"https:\/\/secontrade.com\/blog\/wp-json\/wp\/v2\/tags?post=1351"}],"curies":[{"name":"wp","href":"https:\/\/api.w.org\/{rel}","templated":true}]}}