{"id":1076,"date":"2023-10-27T10:18:40","date_gmt":"2023-10-27T08:18:40","guid":{"rendered":"https:\/\/secontrade.com\/blog\/?p=1076"},"modified":"2025-08-01T10:44:40","modified_gmt":"2025-08-01T08:44:40","slug":"nachhaltiger-auftakt-in-den-herbst","status":"publish","type":"post","link":"https:\/\/secontrade.com\/blog\/2023\/10\/27\/nachhaltiger-auftakt-in-den-herbst\/","title":{"rendered":"Nachhaltiger Auftakt in den Herbst"},"content":{"rendered":"\n<p><strong>Ob innovativer Pitch, interaktive Diskussion oder Impulsvortrag \u2013 der September bildete einen aufregenden Auftakt in eine spannende Herbstsaison. SECONTRADE nahm an wegweisenden Events im Klimaschutz teil und setzte wichtige Impulse f\u00fcr die Kreislaufwirtschaft im Bau- und Immobilienbereich, der Stadtentwicklung sowie der Elektro- und Elektronikindustrie.<\/strong><\/p>\n\n\n\n<h2 class=\"wp-block-heading\">SECONTRADE gewinnt Pitch beim FM-Day 2023<\/h2>\n\n\n\n<p>Bereits zum achten Mal fand der \u201eFM-Day\u201c, das Branchenevent der FMA | IFMA Austria, am 20. September statt. Hier wurden die neuesten Trends in den Bereichen digitale Innovation, nachhaltige Immobilien, flexible Arbeitswelten und Kompetenzentwicklung pr\u00e4sentiert. Bereits im Vorfeld reichte SECONTRADE ein Konzept f\u00fcr den Programmpunkt &#8222;It&#8217;s time to PITCH and VOTE&#8220; ein. SECONTRADE und vier weitere Pioniere, darunter Greenpass &#8211; enabling livable cities, VIRIDAD, NeoTwin GmbH und enixi, wurden nominiert, ihre Innovationen in einem Pitch zu pr\u00e4sentieren und stellten sich anschlie\u00dfend einem Publikumsvoting. Wir freuen uns sehr, dass Brigitte Reich mit unserer Vision &#8222;Der Abfall von heute ist die Ressource von morgen&#8220; die Immobilienbranche \u00fcberzeugt hat und das Publikumsvoting gewann. Das unterstreicht die Bedeutung unseres digitalen Marktplatzes f\u00fcr die Bau- und Immobilienbranche.<\/p>\n\n\n\n<h2 class=\"wp-block-heading\">\u201eUrban Future Talk 07\u201c f\u00fcr die Stadt der Zukunft<\/h2>\n\n\n\n<p>Die Stadt Wien hat sich ehrgeizige Ziele gesetzt, wenn es um Ressourcenschonung geht. Neue Geb\u00e4ude sollen so geplant werden, dass der Material- und Energieverbrauch \u00fcber ihren gesamten Lebenszyklus minimiert wird. So k\u00f6nnen Baustoffe am Ende wiederverwertet und -verwendet werden. Diese und weitere Ans\u00e4tze, Synergien und Vorgaben f\u00fcr eine kreislauff\u00e4hige Zukunft standen im Fokus der siebten Ausgabe des \u201eUrban Future Talk\u201c. Gemeinsam mit Expert:innen aus Verwaltung und Praxis diskutierte Brigitte Reich \u00fcber L\u00f6sungen f\u00fcr eine nachhaltige Stadtentwicklung und stellte SECONTRADE als Best Practice f\u00fcr ein digitales Rohstoffmanagement vor. Dabei stand fest: Ein zweites Leben f\u00fcr verbaute Rohstoffe ist ein entscheidender Schritt in Richtung nachhaltige Stadt der Zukunft.<\/p>\n\n\n\n<figure class=\"wp-block-image size-large\"><picture><source srcset=\"https:\/\/secontrade.com\/blog\/wp-content\/uploads\/2023\/10\/UFT07_05a_HP-1-1024x768.webp 1024w,https:\/\/secontrade.com\/blog\/wp-content\/uploads\/2023\/10\/UFT07_05a_HP-1-300x225.webp 300w,https:\/\/secontrade.com\/blog\/wp-content\/uploads\/2023\/10\/UFT07_05a_HP-1-435x326.webp 435w,https:\/\/secontrade.com\/blog\/wp-content\/uploads\/2023\/10\/UFT07_05a_HP-1.webp 1232w\" sizes=\"auto, (max-width: 1024px) 100vw, 1024px\" type=\"image\/webp\"><img src=\"https:\/\/secontrade.com\/blog\/wp-content\/uploads\/2023\/10\/UFT07_05a_HP-1-1024x768.jpg\" height=\"768\" width=\"1024\" srcset=\"https:\/\/secontrade.com\/blog\/wp-content\/uploads\/2023\/10\/UFT07_05a_HP-1-1024x768.jpg 1024w, https:\/\/secontrade.com\/blog\/wp-content\/uploads\/2023\/10\/UFT07_05a_HP-1-300x225.jpg 300w, https:\/\/secontrade.com\/blog\/wp-content\/uploads\/2023\/10\/UFT07_05a_HP-1-435x326.jpg 435w, https:\/\/secontrade.com\/blog\/wp-content\/uploads\/2023\/10\/UFT07_05a_HP-1.jpg 1232w\" sizes=\"auto, (max-width: 1024px) 100vw, 1024px\" class=\"wp-image-1083 sp-no-webp\" alt=\"\" loading=\"lazy\" decoding=\"async\"  > <\/picture><\/figure>\n\n\n\n<p><\/p>\n\n\n\n<h2 class=\"wp-block-heading\">Am Weg zur zirkul\u00e4ren EEE-Branche<\/h2>\n\n\n\n<p>Ein weiteres Highlight im September war der Erfahrungsaustausch mit Stakeholdern der EEE-Branche zur Reduktion der Umweltauswirkungen in der Elektro- und Elektronikindustrie. Das Event fand am 19. September in Linz statt, Florian Schnurer und Kristof Klikovits (Fachverband der Elektro- und Elektronikindustrie) waren als Vortragende vor Ort. Sie skizzierten den \u00dcbergang vom Lieferkettengesetz zur Kreislaufwirtschaft und betonten die Bedeutung von Sekund\u00e4r-Rohstoffen im Rahmen des Green Deals der EU. Als Best Practice veranschaulichten Sie mit SECONTRADE, wie eine gelebte Kreislaufwirtschaft durch Digitalisierung und Nachhaltigkeit gelingen kann. Weitere Diskussionen zu nachhaltigem Rohstoffmanagement und Produktdesign rundeten das Event ab.<\/p>\n\n\n\n<p>Die Teilnahme an diesen herausragenden Branchenevents war ein gelungener Start in den Herbst im Zeichen von Innovation und Nachhaltigkeit. \u201e<em>Wir sind stolz darauf, dass unser Engagement f\u00fcr eine gelebte Kreislaufwirtschaft bei diesen bedeutenden Veranstaltungen anerkannt wurde\u201c,<\/em> zeigt sich SECONTRADE-Gesch\u00e4ftsf\u00fchrerin Brigitte Reich erfreut. <em>\u201eDiese Erfolge motivieren uns, weiterhin innovative L\u00f6sungen f\u00fcr eine nachhaltige Zukunft voranzutreiben.\u201c<\/em><\/p>\n","protected":false},"excerpt":{"rendered":"<p>Ob innovativer Pitch, interaktive Diskussion oder Impulsvortrag \u2013 der September bildete einen aufregenden Auftakt in eine spannende Herbstsaison. SECONTRADE nahm an wegweisenden Events im Klimaschutz teil und setzte wichtige Impulse &#8230;<\/p>\n","protected":false},"author":2,"featured_media":1082,"comment_status":"open","ping_status":"closed","sticky":false,"template":"","format":"standard","meta":{"footnotes":""},"categories":[1],"tags":[171,232,162,25,71],"class_list":["post-1076","post","type-post","status-publish","format-standard","has-post-thumbnail","hentry","category-allgemein","tag-baubranche","tag-eee-branche","tag-events","tag-kreislaufwirtschaft-de","tag-nachhaltig"],"polylang_current_lang":"de_DE","polylang_translations":[{"locale":"de_DE","id":1076}],"featured_image_src":"https:\/\/secontrade.com\/blog\/wp-content\/uploads\/2023\/10\/pitches-230920-fm-day-fjanamadzigon-326_HP-1-300x225.jpg","yoast_head":"<!-- This site is optimized with the Yoast SEO plugin v27.4 - https:\/\/yoast.com\/product\/yoast-seo-wordpress\/ -->\n<title>Nachhaltiger Auftakt in den Herbst - SECONTRADE Blog<\/title>\n<meta name=\"description\" content=\"Ob innovativer Pitch, interaktive Diskussion oder Impulsvortrag \u2013 der September bildete einen aufregenden Auftakt in eine spannende Herbstsaison. SECONTRADE nahm an wegweisenden Events im Klimaschutz teil und setzte wichtige Impulse ...\" \/>\n<meta name=\"robots\" content=\"index, follow, max-snippet:-1, max-image-preview:large, max-video-preview:-1\" \/>\n<link rel=\"canonical\" href=\"https:\/\/secontrade.com\/blog\/2023\/10\/27\/nachhaltiger-auftakt-in-den-herbst\/\" \/>\n<meta property=\"og:locale\" content=\"de_DE\" \/>\n<meta property=\"og:type\" content=\"article\" \/>\n<meta property=\"og:title\" content=\"Nachhaltiger Auftakt in den Herbst - SECONTRADE Blog\" \/>\n<meta property=\"og:description\" content=\"Ob innovativer Pitch, interaktive Diskussion oder Impulsvortrag \u2013 der September bildete einen aufregenden Auftakt in eine spannende Herbstsaison. SECONTRADE nahm an wegweisenden Events im Klimaschutz teil und setzte wichtige Impulse ...\" \/>\n<meta property=\"og:url\" content=\"https:\/\/secontrade.com\/blog\/2023\/10\/27\/nachhaltiger-auftakt-in-den-herbst\/\" \/>\n<meta property=\"og:site_name\" content=\"SECONTRADE Blog\" \/>\n<meta property=\"article:published_time\" content=\"2023-10-27T08:18:40+00:00\" \/>\n<meta property=\"article:modified_time\" content=\"2025-08-01T08:44:40+00:00\" \/>\n<meta property=\"og:image\" content=\"https:\/\/secontrade.com\/blog\/wp-content\/uploads\/2023\/10\/pitches-230920-fm-day-fjanamadzigon-326_HP-1.jpg\" \/>\n\t<meta property=\"og:image:width\" content=\"1067\" \/>\n\t<meta property=\"og:image:height\" content=\"800\" \/>\n\t<meta property=\"og:image:type\" content=\"image\/jpeg\" \/>\n<meta name=\"author\" content=\"Stephanie Zsifkovits\" \/>\n<meta name=\"twitter:card\" content=\"summary_large_image\" \/>\n<meta name=\"twitter:label1\" content=\"Verfasst von\" \/>\n\t<meta name=\"twitter:data1\" content=\"Stephanie Zsifkovits\" \/>\n\t<meta name=\"twitter:label2\" content=\"Gesch\u00e4tzte Lesezeit\" \/>\n\t<meta name=\"twitter:data2\" content=\"3\u00a0Minuten\" \/>\n<script type=\"application\/ld+json\" class=\"yoast-schema-graph\">{\"@context\":\"https:\\\/\\\/schema.org\",\"@graph\":[{\"@type\":\"Article\",\"@id\":\"https:\\\/\\\/secontrade.com\\\/blog\\\/2023\\\/10\\\/27\\\/nachhaltiger-auftakt-in-den-herbst\\\/#article\",\"isPartOf\":{\"@id\":\"https:\\\/\\\/secontrade.com\\\/blog\\\/2023\\\/10\\\/27\\\/nachhaltiger-auftakt-in-den-herbst\\\/\"},\"author\":{\"name\":\"Stephanie Zsifkovits\",\"@id\":\"https:\\\/\\\/secontrade.com\\\/blog\\\/#\\\/schema\\\/person\\\/ed53e5e8ebc9796b04df8a01518cb1af\"},\"headline\":\"Nachhaltiger Auftakt in den Herbst\",\"datePublished\":\"2023-10-27T08:18:40+00:00\",\"dateModified\":\"2025-08-01T08:44:40+00:00\",\"mainEntityOfPage\":{\"@id\":\"https:\\\/\\\/secontrade.com\\\/blog\\\/2023\\\/10\\\/27\\\/nachhaltiger-auftakt-in-den-herbst\\\/\"},\"wordCount\":464,\"commentCount\":0,\"publisher\":{\"@id\":\"https:\\\/\\\/secontrade.com\\\/blog\\\/#organization\"},\"image\":{\"@id\":\"https:\\\/\\\/secontrade.com\\\/blog\\\/2023\\\/10\\\/27\\\/nachhaltiger-auftakt-in-den-herbst\\\/#primaryimage\"},\"thumbnailUrl\":\"https:\\\/\\\/secontrade.com\\\/blog\\\/wp-content\\\/uploads\\\/2023\\\/10\\\/pitches-230920-fm-day-fjanamadzigon-326_HP-1.jpg\",\"keywords\":[\"Baubranche\",\"EEE-Branche\",\"Events\",\"Kreislaufwirtschaft\",\"Nachhaltig\"],\"inLanguage\":\"de\",\"potentialAction\":[{\"@type\":\"CommentAction\",\"name\":\"Comment\",\"target\":[\"https:\\\/\\\/secontrade.com\\\/blog\\\/2023\\\/10\\\/27\\\/nachhaltiger-auftakt-in-den-herbst\\\/#respond\"]}]},{\"@type\":\"WebPage\",\"@id\":\"https:\\\/\\\/secontrade.com\\\/blog\\\/2023\\\/10\\\/27\\\/nachhaltiger-auftakt-in-den-herbst\\\/\",\"url\":\"https:\\\/\\\/secontrade.com\\\/blog\\\/2023\\\/10\\\/27\\\/nachhaltiger-auftakt-in-den-herbst\\\/\",\"name\":\"Nachhaltiger Auftakt in den Herbst - SECONTRADE Blog\",\"isPartOf\":{\"@id\":\"https:\\\/\\\/secontrade.com\\\/blog\\\/#website\"},\"primaryImageOfPage\":{\"@id\":\"https:\\\/\\\/secontrade.com\\\/blog\\\/2023\\\/10\\\/27\\\/nachhaltiger-auftakt-in-den-herbst\\\/#primaryimage\"},\"image\":{\"@id\":\"https:\\\/\\\/secontrade.com\\\/blog\\\/2023\\\/10\\\/27\\\/nachhaltiger-auftakt-in-den-herbst\\\/#primaryimage\"},\"thumbnailUrl\":\"https:\\\/\\\/secontrade.com\\\/blog\\\/wp-content\\\/uploads\\\/2023\\\/10\\\/pitches-230920-fm-day-fjanamadzigon-326_HP-1.jpg\",\"datePublished\":\"2023-10-27T08:18:40+00:00\",\"dateModified\":\"2025-08-01T08:44:40+00:00\",\"description\":\"Ob innovativer Pitch, interaktive Diskussion oder Impulsvortrag \u2013 der September bildete einen aufregenden Auftakt in eine spannende Herbstsaison. SECONTRADE nahm an wegweisenden Events im Klimaschutz teil und setzte wichtige Impulse ...\",\"breadcrumb\":{\"@id\":\"https:\\\/\\\/secontrade.com\\\/blog\\\/2023\\\/10\\\/27\\\/nachhaltiger-auftakt-in-den-herbst\\\/#breadcrumb\"},\"inLanguage\":\"de\",\"potentialAction\":[{\"@type\":\"ReadAction\",\"target\":[\"https:\\\/\\\/secontrade.com\\\/blog\\\/2023\\\/10\\\/27\\\/nachhaltiger-auftakt-in-den-herbst\\\/\"]}]},{\"@type\":\"ImageObject\",\"inLanguage\":\"de\",\"@id\":\"https:\\\/\\\/secontrade.com\\\/blog\\\/2023\\\/10\\\/27\\\/nachhaltiger-auftakt-in-den-herbst\\\/#primaryimage\",\"url\":\"https:\\\/\\\/secontrade.com\\\/blog\\\/wp-content\\\/uploads\\\/2023\\\/10\\\/pitches-230920-fm-day-fjanamadzigon-326_HP-1.jpg\",\"contentUrl\":\"https:\\\/\\\/secontrade.com\\\/blog\\\/wp-content\\\/uploads\\\/2023\\\/10\\\/pitches-230920-fm-day-fjanamadzigon-326_HP-1.jpg\",\"width\":1067,\"height\":800},{\"@type\":\"BreadcrumbList\",\"@id\":\"https:\\\/\\\/secontrade.com\\\/blog\\\/2023\\\/10\\\/27\\\/nachhaltiger-auftakt-in-den-herbst\\\/#breadcrumb\",\"itemListElement\":[{\"@type\":\"ListItem\",\"position\":1,\"name\":\"Startseite\",\"item\":\"https:\\\/\\\/secontrade.com\\\/blog\\\/en\\\/\"},{\"@type\":\"ListItem\",\"position\":2,\"name\":\"Nachhaltiger Auftakt in den Herbst\"}]},{\"@type\":\"WebSite\",\"@id\":\"https:\\\/\\\/secontrade.com\\\/blog\\\/#website\",\"url\":\"https:\\\/\\\/secontrade.com\\\/blog\\\/\",\"name\":\"SECONTRADE Blog\",\"description\":\"Sekund\u00e4r-Rohstoff-Handel\",\"publisher\":{\"@id\":\"https:\\\/\\\/secontrade.com\\\/blog\\\/#organization\"},\"potentialAction\":[{\"@type\":\"SearchAction\",\"target\":{\"@type\":\"EntryPoint\",\"urlTemplate\":\"https:\\\/\\\/secontrade.com\\\/blog\\\/?s={search_term_string}\"},\"query-input\":{\"@type\":\"PropertyValueSpecification\",\"valueRequired\":true,\"valueName\":\"search_term_string\"}}],\"inLanguage\":\"de\"},{\"@type\":\"Organization\",\"@id\":\"https:\\\/\\\/secontrade.com\\\/blog\\\/#organization\",\"name\":\"SECONTRADE\",\"url\":\"https:\\\/\\\/secontrade.com\\\/blog\\\/\",\"logo\":{\"@type\":\"ImageObject\",\"inLanguage\":\"de\",\"@id\":\"https:\\\/\\\/secontrade.com\\\/blog\\\/#\\\/schema\\\/logo\\\/image\\\/\",\"url\":\"https:\\\/\\\/secontrade.com\\\/blog\\\/wp-content\\\/uploads\\\/2018\\\/11\\\/Secontrade_Logo.jpg\",\"contentUrl\":\"https:\\\/\\\/secontrade.com\\\/blog\\\/wp-content\\\/uploads\\\/2018\\\/11\\\/Secontrade_Logo.jpg\",\"width\":1587,\"height\":609,\"caption\":\"SECONTRADE\"},\"image\":{\"@id\":\"https:\\\/\\\/secontrade.com\\\/blog\\\/#\\\/schema\\\/logo\\\/image\\\/\"},\"sameAs\":[\"https:\\\/\\\/www.linkedin.com\\\/company\\\/secontrade-gmbh\\\/\"]},{\"@type\":\"Person\",\"@id\":\"https:\\\/\\\/secontrade.com\\\/blog\\\/#\\\/schema\\\/person\\\/ed53e5e8ebc9796b04df8a01518cb1af\",\"name\":\"Stephanie Zsifkovits\",\"sameAs\":[\"http:\\\/\\\/www.secontrade.com\"],\"url\":\"https:\\\/\\\/secontrade.com\\\/blog\\\/author\\\/secontrade\\\/\"}]}<\/script>\n<!-- \/ Yoast SEO plugin. -->","yoast_head_json":{"title":"Nachhaltiger Auftakt in den Herbst - SECONTRADE Blog","description":"Ob innovativer Pitch, interaktive Diskussion oder Impulsvortrag \u2013 der September bildete einen aufregenden Auftakt in eine spannende Herbstsaison. SECONTRADE nahm an wegweisenden Events im Klimaschutz teil und setzte wichtige Impulse ...","robots":{"index":"index","follow":"follow","max-snippet":"max-snippet:-1","max-image-preview":"max-image-preview:large","max-video-preview":"max-video-preview:-1"},"canonical":"https:\/\/secontrade.com\/blog\/2023\/10\/27\/nachhaltiger-auftakt-in-den-herbst\/","og_locale":"de_DE","og_type":"article","og_title":"Nachhaltiger Auftakt in den Herbst - SECONTRADE Blog","og_description":"Ob innovativer Pitch, interaktive Diskussion oder Impulsvortrag \u2013 der September bildete einen aufregenden Auftakt in eine spannende Herbstsaison. SECONTRADE nahm an wegweisenden Events im Klimaschutz teil und setzte wichtige Impulse ...","og_url":"https:\/\/secontrade.com\/blog\/2023\/10\/27\/nachhaltiger-auftakt-in-den-herbst\/","og_site_name":"SECONTRADE Blog","article_published_time":"2023-10-27T08:18:40+00:00","article_modified_time":"2025-08-01T08:44:40+00:00","og_image":[{"width":1067,"height":800,"url":"https:\/\/secontrade.com\/blog\/wp-content\/uploads\/2023\/10\/pitches-230920-fm-day-fjanamadzigon-326_HP-1.jpg","type":"image\/jpeg"}],"author":"Stephanie Zsifkovits","twitter_card":"summary_large_image","twitter_misc":{"Verfasst von":"Stephanie Zsifkovits","Gesch\u00e4tzte Lesezeit":"3\u00a0Minuten"},"schema":{"@context":"https:\/\/schema.org","@graph":[{"@type":"Article","@id":"https:\/\/secontrade.com\/blog\/2023\/10\/27\/nachhaltiger-auftakt-in-den-herbst\/#article","isPartOf":{"@id":"https:\/\/secontrade.com\/blog\/2023\/10\/27\/nachhaltiger-auftakt-in-den-herbst\/"},"author":{"name":"Stephanie Zsifkovits","@id":"https:\/\/secontrade.com\/blog\/#\/schema\/person\/ed53e5e8ebc9796b04df8a01518cb1af"},"headline":"Nachhaltiger Auftakt in den Herbst","datePublished":"2023-10-27T08:18:40+00:00","dateModified":"2025-08-01T08:44:40+00:00","mainEntityOfPage":{"@id":"https:\/\/secontrade.com\/blog\/2023\/10\/27\/nachhaltiger-auftakt-in-den-herbst\/"},"wordCount":464,"commentCount":0,"publisher":{"@id":"https:\/\/secontrade.com\/blog\/#organization"},"image":{"@id":"https:\/\/secontrade.com\/blog\/2023\/10\/27\/nachhaltiger-auftakt-in-den-herbst\/#primaryimage"},"thumbnailUrl":"https:\/\/secontrade.com\/blog\/wp-content\/uploads\/2023\/10\/pitches-230920-fm-day-fjanamadzigon-326_HP-1.jpg","keywords":["Baubranche","EEE-Branche","Events","Kreislaufwirtschaft","Nachhaltig"],"inLanguage":"de","potentialAction":[{"@type":"CommentAction","name":"Comment","target":["https:\/\/secontrade.com\/blog\/2023\/10\/27\/nachhaltiger-auftakt-in-den-herbst\/#respond"]}]},{"@type":"WebPage","@id":"https:\/\/secontrade.com\/blog\/2023\/10\/27\/nachhaltiger-auftakt-in-den-herbst\/","url":"https:\/\/secontrade.com\/blog\/2023\/10\/27\/nachhaltiger-auftakt-in-den-herbst\/","name":"Nachhaltiger Auftakt in den Herbst - SECONTRADE Blog","isPartOf":{"@id":"https:\/\/secontrade.com\/blog\/#website"},"primaryImageOfPage":{"@id":"https:\/\/secontrade.com\/blog\/2023\/10\/27\/nachhaltiger-auftakt-in-den-herbst\/#primaryimage"},"image":{"@id":"https:\/\/secontrade.com\/blog\/2023\/10\/27\/nachhaltiger-auftakt-in-den-herbst\/#primaryimage"},"thumbnailUrl":"https:\/\/secontrade.com\/blog\/wp-content\/uploads\/2023\/10\/pitches-230920-fm-day-fjanamadzigon-326_HP-1.jpg","datePublished":"2023-10-27T08:18:40+00:00","dateModified":"2025-08-01T08:44:40+00:00","description":"Ob innovativer Pitch, interaktive Diskussion oder Impulsvortrag \u2013 der September bildete einen aufregenden Auftakt in eine spannende Herbstsaison. SECONTRADE nahm an wegweisenden Events im Klimaschutz teil und setzte wichtige Impulse ...","breadcrumb":{"@id":"https:\/\/secontrade.com\/blog\/2023\/10\/27\/nachhaltiger-auftakt-in-den-herbst\/#breadcrumb"},"inLanguage":"de","potentialAction":[{"@type":"ReadAction","target":["https:\/\/secontrade.com\/blog\/2023\/10\/27\/nachhaltiger-auftakt-in-den-herbst\/"]}]},{"@type":"ImageObject","inLanguage":"de","@id":"https:\/\/secontrade.com\/blog\/2023\/10\/27\/nachhaltiger-auftakt-in-den-herbst\/#primaryimage","url":"https:\/\/secontrade.com\/blog\/wp-content\/uploads\/2023\/10\/pitches-230920-fm-day-fjanamadzigon-326_HP-1.jpg","contentUrl":"https:\/\/secontrade.com\/blog\/wp-content\/uploads\/2023\/10\/pitches-230920-fm-day-fjanamadzigon-326_HP-1.jpg","width":1067,"height":800},{"@type":"BreadcrumbList","@id":"https:\/\/secontrade.com\/blog\/2023\/10\/27\/nachhaltiger-auftakt-in-den-herbst\/#breadcrumb","itemListElement":[{"@type":"ListItem","position":1,"name":"Startseite","item":"https:\/\/secontrade.com\/blog\/en\/"},{"@type":"ListItem","position":2,"name":"Nachhaltiger Auftakt in den Herbst"}]},{"@type":"WebSite","@id":"https:\/\/secontrade.com\/blog\/#website","url":"https:\/\/secontrade.com\/blog\/","name":"SECONTRADE Blog","description":"Sekund\u00e4r-Rohstoff-Handel","publisher":{"@id":"https:\/\/secontrade.com\/blog\/#organization"},"potentialAction":[{"@type":"SearchAction","target":{"@type":"EntryPoint","urlTemplate":"https:\/\/secontrade.com\/blog\/?s={search_term_string}"},"query-input":{"@type":"PropertyValueSpecification","valueRequired":true,"valueName":"search_term_string"}}],"inLanguage":"de"},{"@type":"Organization","@id":"https:\/\/secontrade.com\/blog\/#organization","name":"SECONTRADE","url":"https:\/\/secontrade.com\/blog\/","logo":{"@type":"ImageObject","inLanguage":"de","@id":"https:\/\/secontrade.com\/blog\/#\/schema\/logo\/image\/","url":"https:\/\/secontrade.com\/blog\/wp-content\/uploads\/2018\/11\/Secontrade_Logo.jpg","contentUrl":"https:\/\/secontrade.com\/blog\/wp-content\/uploads\/2018\/11\/Secontrade_Logo.jpg","width":1587,"height":609,"caption":"SECONTRADE"},"image":{"@id":"https:\/\/secontrade.com\/blog\/#\/schema\/logo\/image\/"},"sameAs":["https:\/\/www.linkedin.com\/company\/secontrade-gmbh\/"]},{"@type":"Person","@id":"https:\/\/secontrade.com\/blog\/#\/schema\/person\/ed53e5e8ebc9796b04df8a01518cb1af","name":"Stephanie Zsifkovits","sameAs":["http:\/\/www.secontrade.com"],"url":"https:\/\/secontrade.com\/blog\/author\/secontrade\/"}]}},"_links":{"self":[{"href":"https:\/\/secontrade.com\/blog\/wp-json\/wp\/v2\/posts\/1076","targetHints":{"allow":["GET"]}}],"collection":[{"href":"https:\/\/secontrade.com\/blog\/wp-json\/wp\/v2\/posts"}],"about":[{"href":"https:\/\/secontrade.com\/blog\/wp-json\/wp\/v2\/types\/post"}],"author":[{"embeddable":true,"href":"https:\/\/secontrade.com\/blog\/wp-json\/wp\/v2\/users\/2"}],"replies":[{"embeddable":true,"href":"https:\/\/secontrade.com\/blog\/wp-json\/wp\/v2\/comments?post=1076"}],"version-history":[{"count":6,"href":"https:\/\/secontrade.com\/blog\/wp-json\/wp\/v2\/posts\/1076\/revisions"}],"predecessor-version":[{"id":1333,"href":"https:\/\/secontrade.com\/blog\/wp-json\/wp\/v2\/posts\/1076\/revisions\/1333"}],"wp:featuredmedia":[{"embeddable":true,"href":"https:\/\/secontrade.com\/blog\/wp-json\/wp\/v2\/media\/1082"}],"wp:attachment":[{"href":"https:\/\/secontrade.com\/blog\/wp-json\/wp\/v2\/media?parent=1076"}],"wp:term":[{"taxonomy":"category","embeddable":true,"href":"https:\/\/secontrade.com\/blog\/wp-json\/wp\/v2\/categories?post=1076"},{"taxonomy":"post_tag","embeddable":true,"href":"https:\/\/secontrade.com\/blog\/wp-json\/wp\/v2\/tags?post=1076"}],"curies":[{"name":"wp","href":"https:\/\/api.w.org\/{rel}","templated":true}]}}