{"id":1039,"date":"2023-07-04T11:38:49","date_gmt":"2023-07-04T09:38:49","guid":{"rendered":"https:\/\/secontrade.com\/blog\/?p=1039"},"modified":"2025-08-01T10:57:24","modified_gmt":"2025-08-01T08:57:24","slug":"secontrade-bei-der-e-waste-world-2023","status":"publish","type":"post","link":"https:\/\/secontrade.com\/blog\/2023\/07\/04\/secontrade-bei-der-e-waste-world-2023\/","title":{"rendered":"SECONTRADE bei der <br>\u201eE-Waste World 2023\u201c"},"content":{"rendered":"\n<p><strong>Bereits zum dritten Mal fand die \u201eE-Waste World Conference und Expo\u201c, Europas gr\u00f6\u00dfte Konferenz und Messe f\u00fcr E-Waste, von 28.-29. Juni in Frankfurt statt. SECONTRADE war bei dem Branchenevent als Aussteller vor Ort, um die Zukunft des Elektronikrecyclings in Europa mitzugestalten.<\/strong><\/p>\n\n\n\n<p>Die \u201eE-Waste World Expo und Conference\u201c ist die Plattform f\u00fcr Elektronikhersteller, -lieferanten, Recyclingunternehmen sowie Pionier:innen aus Industrie, Forschung und Umweltschutz. Ziel ist es, Chancen, Herausforderungen und L\u00f6sungen f\u00fcr eine funktionierende Kreislaufwirtschaft im Elektro- und Elektronikbereich zu diskutieren und zu pr\u00e4sentieren. Beim diesj\u00e4hrigen Event stand die wachsende Bedeutung des End-of-Life-Managements von Elektronikabf\u00e4llen im Fokus, um wertvolle Ressourcen wiederzugewinnen und Umweltauswirkungen zu minimieren.<\/p>\n\n\n\n<h2 class=\"wp-block-heading\">E-Waste als globale Herausforderung<\/h2>\n\n\n\n<p>Die Welt der Elektronik ver\u00e4ndert sich rasant und mit ihr w\u00e4chst die Herausforderung im Umgang mit E-Waste. Allein im Jahr 2019 fielen weltweit 12,9 Megatonnen Elektroschrott an \u2013 das sind knapp 16,2 kg pro Kopf. Weniger als die H\u00e4lfte \u2013 etwa 42,5 Prozent \u2013 werden dabei fachgerecht entsorgt und recycelt, so der \u201eGlobal E-Waste Monitor 2020\u201c. Die \u201eE-Waste World\u201c r\u00fcckte dieses wichtige Thema in den Fokus und erm\u00f6glichte \u00fcber 1.500 Besucher:innen einen Einblick und Ausblick in Innovationen und L\u00f6sungen f\u00fcr eine kreislauff\u00e4hige Elektronik in Europa.<\/p>\n\n\n\n<figure class=\"wp-block-image size-large\"><picture><source srcset=\"https:\/\/secontrade.com\/blog\/wp-content\/uploads\/2023\/08\/2.011-1024x768.webp 1024w,https:\/\/secontrade.com\/blog\/wp-content\/uploads\/2023\/08\/2.011-300x225.webp 300w,https:\/\/secontrade.com\/blog\/wp-content\/uploads\/2023\/08\/2.011-435x326.webp 435w, https:\/\/secontrade.com\/blog\/wp-content\/uploads\/2023\/08\/2.011.jpg 1232w\" sizes=\"auto, (max-width: 1024px) 100vw, 1024px\" type=\"image\/webp\"><img src=\"https:\/\/secontrade.com\/blog\/wp-content\/uploads\/2023\/08\/2.011-1024x768.jpg\" height=\"768\" width=\"1024\" srcset=\"https:\/\/secontrade.com\/blog\/wp-content\/uploads\/2023\/08\/2.011-1024x768.jpg 1024w, https:\/\/secontrade.com\/blog\/wp-content\/uploads\/2023\/08\/2.011-300x225.jpg 300w, https:\/\/secontrade.com\/blog\/wp-content\/uploads\/2023\/08\/2.011-435x326.jpg 435w, https:\/\/secontrade.com\/blog\/wp-content\/uploads\/2023\/08\/2.011.jpg 1232w\" sizes=\"auto, (max-width: 1024px) 100vw, 1024px\" class=\"wp-image-1046 sp-no-webp\" alt=\"\" loading=\"lazy\" decoding=\"async\"  > <\/picture><\/figure>\n\n\n\n<p><\/p>\n\n\n\n<h2 class=\"wp-block-heading\">Kreislaufwirtschaft im Fokus<\/h2>\n\n\n\n<p>Vom \u201eDesign for Recycling\u201c \u00fcber Sammel- und R\u00fccknahmestrategien bis hin zu \u201eUrban Mining\u201c bot das Event eine breite Palette an Vortr\u00e4gen. \u00dcber 150 Expert:innen beleuchteten Themen und innovative Technologien zur Eind\u00e4mmung von Elektroschrott und hoben die Bedeutung eines nachhaltigen Rohstoffmanagements hervor, darunter die <a href=\"https:\/\/www.remondis-electrorecycling.de\/startseite\/\" target=\"_blank\" rel=\"noreferrer noopener\">REMONDIS Electrorecycling GmbH<\/a>,\u202f das <a href=\"https:\/\/weee-forum.org\/\" target=\"_blank\" rel=\"noreferrer noopener\">WEEE Forum<\/a>,\u202f<a href=\"https:\/\/mgg-polymers.com\/de\/\" target=\"_blank\" rel=\"noreferrer noopener\">MGG Polymers<\/a> sowie\u202f die <a href=\"https:\/\/www.bsh-group.com\/at\/\" target=\"_blank\" rel=\"noreferrer noopener\">BSH Home Appliances Group<\/a>. Neben der Konferenz bot die Expo mehr als 100 Ausstellern die M\u00f6glichkeit, neueste Entwicklungen, Technologien und L\u00f6sungen f\u00fcr eine gelebte Kreislaufwirtschaft zu zeigen. &nbsp;<\/p>\n\n\n\n<h2 class=\"wp-block-heading\">SECONTRADE pr\u00e4sentiert digitalen Marktplatz<\/h2>\n\n\n\n<p>SECONTRADE-Gesch\u00e4ftsf\u00fchrerin Brigitte Reich und Katharina Mitsch waren vor Ort, um den digitalen Marktplatz f\u00fcr Sekund\u00e4r-Rohstoffe in Europa als Aussteller zu pr\u00e4sentieren. Neben den spannenden Pr\u00e4sentationen und Diskussionen waren die interessanten Gespr\u00e4che unser Highlight der Messe. <em>\u201eDie E-Waste World 2023 war sehr beeindruckend\u201c, <\/em>zieht Brigitte Reich ein Fazit. <em>\u201eWir durften viele interessante Unternehmen kennenlernen und haben zahlreiche Inputs erhalten, um das digitale Rohstoffmanagement in Europa weiter voranzutreiben.\u201c<\/em><\/p>\n\n\n\n<p>Wir freuen uns bereits auf das n\u00e4chste Jahr!&nbsp;<\/p>\n","protected":false},"excerpt":{"rendered":"<p>Bereits zum dritten Mal fand die \u201eE-Waste World Conference und Expo\u201c, Europas gr\u00f6\u00dfte Konferenz und Messe f\u00fcr E-Waste, von 28.-29. Juni in Frankfurt statt. SECONTRADE war bei dem Branchenevent als Aussteller vor Ort, um die Zukunft des Elektronikrecyclings in &#8230;<\/p>\n","protected":false},"author":2,"featured_media":1041,"comment_status":"open","ping_status":"closed","sticky":false,"template":"","format":"standard","meta":{"footnotes":""},"categories":[1],"tags":[162,69,25,186,71],"class_list":["post-1039","post","type-post","status-publish","format-standard","has-post-thumbnail","hentry","category-allgemein","tag-events","tag-innovativ","tag-kreislaufwirtschaft-de","tag-messe","tag-nachhaltig"],"polylang_current_lang":"de_DE","polylang_translations":[{"locale":"de_DE","id":1039}],"featured_image_src":"https:\/\/secontrade.com\/blog\/wp-content\/uploads\/2023\/08\/1.013_News-Beitrag-300x225.jpg","yoast_head":"<!-- This site is optimized with the Yoast SEO plugin v27.4 - https:\/\/yoast.com\/product\/yoast-seo-wordpress\/ -->\n<title>SECONTRADE bei der \u201eE-Waste World 2023\u201c - SECONTRADE Blog<\/title>\n<meta name=\"description\" content=\"Bereits zum dritten Mal fand die \u201eE-Waste World Conference und Expo\u201c, Europas gr\u00f6\u00dfte Konferenz und Messe f\u00fcr E-Waste, von 28.-29. Juni in Frankfurt statt. SECONTRADE war bei dem Branchenevent als Aussteller vor Ort, um die Zukunft des Elektronikrecyclings in ...\" \/>\n<meta name=\"robots\" content=\"index, follow, max-snippet:-1, max-image-preview:large, max-video-preview:-1\" \/>\n<link rel=\"canonical\" href=\"https:\/\/secontrade.com\/blog\/2023\/07\/04\/secontrade-bei-der-e-waste-world-2023\/\" \/>\n<meta property=\"og:locale\" content=\"de_DE\" \/>\n<meta property=\"og:type\" content=\"article\" \/>\n<meta property=\"og:title\" content=\"SECONTRADE bei der \u201eE-Waste World 2023\u201c - SECONTRADE Blog\" \/>\n<meta property=\"og:description\" content=\"Bereits zum dritten Mal fand die \u201eE-Waste World Conference und Expo\u201c, Europas gr\u00f6\u00dfte Konferenz und Messe f\u00fcr E-Waste, von 28.-29. Juni in Frankfurt statt. SECONTRADE war bei dem Branchenevent als Aussteller vor Ort, um die Zukunft des Elektronikrecyclings in ...\" \/>\n<meta property=\"og:url\" content=\"https:\/\/secontrade.com\/blog\/2023\/07\/04\/secontrade-bei-der-e-waste-world-2023\/\" \/>\n<meta property=\"og:site_name\" content=\"SECONTRADE Blog\" \/>\n<meta property=\"article:published_time\" content=\"2023-07-04T09:38:49+00:00\" \/>\n<meta property=\"article:modified_time\" content=\"2025-08-01T08:57:24+00:00\" \/>\n<meta property=\"og:image\" content=\"https:\/\/secontrade.com\/blog\/wp-content\/uploads\/2023\/08\/1.013_News-Beitrag.jpg\" \/>\n\t<meta property=\"og:image:width\" content=\"1232\" \/>\n\t<meta property=\"og:image:height\" content=\"924\" \/>\n\t<meta property=\"og:image:type\" content=\"image\/jpeg\" \/>\n<meta name=\"author\" content=\"Stephanie Zsifkovits\" \/>\n<meta name=\"twitter:card\" content=\"summary_large_image\" \/>\n<meta name=\"twitter:label1\" content=\"Verfasst von\" \/>\n\t<meta name=\"twitter:data1\" content=\"Stephanie Zsifkovits\" \/>\n\t<meta name=\"twitter:label2\" content=\"Gesch\u00e4tzte Lesezeit\" \/>\n\t<meta name=\"twitter:data2\" content=\"3\u00a0Minuten\" \/>\n<script type=\"application\/ld+json\" class=\"yoast-schema-graph\">{\"@context\":\"https:\\\/\\\/schema.org\",\"@graph\":[{\"@type\":\"Article\",\"@id\":\"https:\\\/\\\/secontrade.com\\\/blog\\\/2023\\\/07\\\/04\\\/secontrade-bei-der-e-waste-world-2023\\\/#article\",\"isPartOf\":{\"@id\":\"https:\\\/\\\/secontrade.com\\\/blog\\\/2023\\\/07\\\/04\\\/secontrade-bei-der-e-waste-world-2023\\\/\"},\"author\":{\"name\":\"Stephanie Zsifkovits\",\"@id\":\"https:\\\/\\\/secontrade.com\\\/blog\\\/#\\\/schema\\\/person\\\/ed53e5e8ebc9796b04df8a01518cb1af\"},\"headline\":\"SECONTRADE bei der \u201eE-Waste World 2023\u201c\",\"datePublished\":\"2023-07-04T09:38:49+00:00\",\"dateModified\":\"2025-08-01T08:57:24+00:00\",\"mainEntityOfPage\":{\"@id\":\"https:\\\/\\\/secontrade.com\\\/blog\\\/2023\\\/07\\\/04\\\/secontrade-bei-der-e-waste-world-2023\\\/\"},\"wordCount\":381,\"commentCount\":0,\"publisher\":{\"@id\":\"https:\\\/\\\/secontrade.com\\\/blog\\\/#organization\"},\"image\":{\"@id\":\"https:\\\/\\\/secontrade.com\\\/blog\\\/2023\\\/07\\\/04\\\/secontrade-bei-der-e-waste-world-2023\\\/#primaryimage\"},\"thumbnailUrl\":\"https:\\\/\\\/secontrade.com\\\/blog\\\/wp-content\\\/uploads\\\/2023\\\/08\\\/1.013_News-Beitrag.jpg\",\"keywords\":[\"Events\",\"Innovativ\",\"Kreislaufwirtschaft\",\"Messe\",\"Nachhaltig\"],\"inLanguage\":\"de\",\"potentialAction\":[{\"@type\":\"CommentAction\",\"name\":\"Comment\",\"target\":[\"https:\\\/\\\/secontrade.com\\\/blog\\\/2023\\\/07\\\/04\\\/secontrade-bei-der-e-waste-world-2023\\\/#respond\"]}]},{\"@type\":\"WebPage\",\"@id\":\"https:\\\/\\\/secontrade.com\\\/blog\\\/2023\\\/07\\\/04\\\/secontrade-bei-der-e-waste-world-2023\\\/\",\"url\":\"https:\\\/\\\/secontrade.com\\\/blog\\\/2023\\\/07\\\/04\\\/secontrade-bei-der-e-waste-world-2023\\\/\",\"name\":\"SECONTRADE bei der \u201eE-Waste World 2023\u201c - SECONTRADE Blog\",\"isPartOf\":{\"@id\":\"https:\\\/\\\/secontrade.com\\\/blog\\\/#website\"},\"primaryImageOfPage\":{\"@id\":\"https:\\\/\\\/secontrade.com\\\/blog\\\/2023\\\/07\\\/04\\\/secontrade-bei-der-e-waste-world-2023\\\/#primaryimage\"},\"image\":{\"@id\":\"https:\\\/\\\/secontrade.com\\\/blog\\\/2023\\\/07\\\/04\\\/secontrade-bei-der-e-waste-world-2023\\\/#primaryimage\"},\"thumbnailUrl\":\"https:\\\/\\\/secontrade.com\\\/blog\\\/wp-content\\\/uploads\\\/2023\\\/08\\\/1.013_News-Beitrag.jpg\",\"datePublished\":\"2023-07-04T09:38:49+00:00\",\"dateModified\":\"2025-08-01T08:57:24+00:00\",\"description\":\"Bereits zum dritten Mal fand die \u201eE-Waste World Conference und Expo\u201c, Europas gr\u00f6\u00dfte Konferenz und Messe f\u00fcr E-Waste, von 28.-29. Juni in Frankfurt statt. SECONTRADE war bei dem Branchenevent als Aussteller vor Ort, um die Zukunft des Elektronikrecyclings in ...\",\"breadcrumb\":{\"@id\":\"https:\\\/\\\/secontrade.com\\\/blog\\\/2023\\\/07\\\/04\\\/secontrade-bei-der-e-waste-world-2023\\\/#breadcrumb\"},\"inLanguage\":\"de\",\"potentialAction\":[{\"@type\":\"ReadAction\",\"target\":[\"https:\\\/\\\/secontrade.com\\\/blog\\\/2023\\\/07\\\/04\\\/secontrade-bei-der-e-waste-world-2023\\\/\"]}]},{\"@type\":\"ImageObject\",\"inLanguage\":\"de\",\"@id\":\"https:\\\/\\\/secontrade.com\\\/blog\\\/2023\\\/07\\\/04\\\/secontrade-bei-der-e-waste-world-2023\\\/#primaryimage\",\"url\":\"https:\\\/\\\/secontrade.com\\\/blog\\\/wp-content\\\/uploads\\\/2023\\\/08\\\/1.013_News-Beitrag.jpg\",\"contentUrl\":\"https:\\\/\\\/secontrade.com\\\/blog\\\/wp-content\\\/uploads\\\/2023\\\/08\\\/1.013_News-Beitrag.jpg\",\"width\":1232,\"height\":924},{\"@type\":\"BreadcrumbList\",\"@id\":\"https:\\\/\\\/secontrade.com\\\/blog\\\/2023\\\/07\\\/04\\\/secontrade-bei-der-e-waste-world-2023\\\/#breadcrumb\",\"itemListElement\":[{\"@type\":\"ListItem\",\"position\":1,\"name\":\"Startseite\",\"item\":\"https:\\\/\\\/secontrade.com\\\/blog\\\/en\\\/\"},{\"@type\":\"ListItem\",\"position\":2,\"name\":\"SECONTRADE bei der \u201eE-Waste World 2023\u201c\"}]},{\"@type\":\"WebSite\",\"@id\":\"https:\\\/\\\/secontrade.com\\\/blog\\\/#website\",\"url\":\"https:\\\/\\\/secontrade.com\\\/blog\\\/\",\"name\":\"SECONTRADE Blog\",\"description\":\"Sekund\u00e4r-Rohstoff-Handel\",\"publisher\":{\"@id\":\"https:\\\/\\\/secontrade.com\\\/blog\\\/#organization\"},\"potentialAction\":[{\"@type\":\"SearchAction\",\"target\":{\"@type\":\"EntryPoint\",\"urlTemplate\":\"https:\\\/\\\/secontrade.com\\\/blog\\\/?s={search_term_string}\"},\"query-input\":{\"@type\":\"PropertyValueSpecification\",\"valueRequired\":true,\"valueName\":\"search_term_string\"}}],\"inLanguage\":\"de\"},{\"@type\":\"Organization\",\"@id\":\"https:\\\/\\\/secontrade.com\\\/blog\\\/#organization\",\"name\":\"SECONTRADE\",\"url\":\"https:\\\/\\\/secontrade.com\\\/blog\\\/\",\"logo\":{\"@type\":\"ImageObject\",\"inLanguage\":\"de\",\"@id\":\"https:\\\/\\\/secontrade.com\\\/blog\\\/#\\\/schema\\\/logo\\\/image\\\/\",\"url\":\"https:\\\/\\\/secontrade.com\\\/blog\\\/wp-content\\\/uploads\\\/2018\\\/11\\\/Secontrade_Logo.jpg\",\"contentUrl\":\"https:\\\/\\\/secontrade.com\\\/blog\\\/wp-content\\\/uploads\\\/2018\\\/11\\\/Secontrade_Logo.jpg\",\"width\":1587,\"height\":609,\"caption\":\"SECONTRADE\"},\"image\":{\"@id\":\"https:\\\/\\\/secontrade.com\\\/blog\\\/#\\\/schema\\\/logo\\\/image\\\/\"},\"sameAs\":[\"https:\\\/\\\/www.linkedin.com\\\/company\\\/secontrade-gmbh\\\/\"]},{\"@type\":\"Person\",\"@id\":\"https:\\\/\\\/secontrade.com\\\/blog\\\/#\\\/schema\\\/person\\\/ed53e5e8ebc9796b04df8a01518cb1af\",\"name\":\"Stephanie Zsifkovits\",\"sameAs\":[\"http:\\\/\\\/www.secontrade.com\"],\"url\":\"https:\\\/\\\/secontrade.com\\\/blog\\\/author\\\/secontrade\\\/\"}]}<\/script>\n<!-- \/ Yoast SEO plugin. -->","yoast_head_json":{"title":"SECONTRADE bei der \u201eE-Waste World 2023\u201c - SECONTRADE Blog","description":"Bereits zum dritten Mal fand die \u201eE-Waste World Conference und Expo\u201c, Europas gr\u00f6\u00dfte Konferenz und Messe f\u00fcr E-Waste, von 28.-29. Juni in Frankfurt statt. SECONTRADE war bei dem Branchenevent als Aussteller vor Ort, um die Zukunft des Elektronikrecyclings in ...","robots":{"index":"index","follow":"follow","max-snippet":"max-snippet:-1","max-image-preview":"max-image-preview:large","max-video-preview":"max-video-preview:-1"},"canonical":"https:\/\/secontrade.com\/blog\/2023\/07\/04\/secontrade-bei-der-e-waste-world-2023\/","og_locale":"de_DE","og_type":"article","og_title":"SECONTRADE bei der \u201eE-Waste World 2023\u201c - SECONTRADE Blog","og_description":"Bereits zum dritten Mal fand die \u201eE-Waste World Conference und Expo\u201c, Europas gr\u00f6\u00dfte Konferenz und Messe f\u00fcr E-Waste, von 28.-29. Juni in Frankfurt statt. SECONTRADE war bei dem Branchenevent als Aussteller vor Ort, um die Zukunft des Elektronikrecyclings in ...","og_url":"https:\/\/secontrade.com\/blog\/2023\/07\/04\/secontrade-bei-der-e-waste-world-2023\/","og_site_name":"SECONTRADE Blog","article_published_time":"2023-07-04T09:38:49+00:00","article_modified_time":"2025-08-01T08:57:24+00:00","og_image":[{"width":1232,"height":924,"url":"https:\/\/secontrade.com\/blog\/wp-content\/uploads\/2023\/08\/1.013_News-Beitrag.jpg","type":"image\/jpeg"}],"author":"Stephanie Zsifkovits","twitter_card":"summary_large_image","twitter_misc":{"Verfasst von":"Stephanie Zsifkovits","Gesch\u00e4tzte Lesezeit":"3\u00a0Minuten"},"schema":{"@context":"https:\/\/schema.org","@graph":[{"@type":"Article","@id":"https:\/\/secontrade.com\/blog\/2023\/07\/04\/secontrade-bei-der-e-waste-world-2023\/#article","isPartOf":{"@id":"https:\/\/secontrade.com\/blog\/2023\/07\/04\/secontrade-bei-der-e-waste-world-2023\/"},"author":{"name":"Stephanie Zsifkovits","@id":"https:\/\/secontrade.com\/blog\/#\/schema\/person\/ed53e5e8ebc9796b04df8a01518cb1af"},"headline":"SECONTRADE bei der \u201eE-Waste World 2023\u201c","datePublished":"2023-07-04T09:38:49+00:00","dateModified":"2025-08-01T08:57:24+00:00","mainEntityOfPage":{"@id":"https:\/\/secontrade.com\/blog\/2023\/07\/04\/secontrade-bei-der-e-waste-world-2023\/"},"wordCount":381,"commentCount":0,"publisher":{"@id":"https:\/\/secontrade.com\/blog\/#organization"},"image":{"@id":"https:\/\/secontrade.com\/blog\/2023\/07\/04\/secontrade-bei-der-e-waste-world-2023\/#primaryimage"},"thumbnailUrl":"https:\/\/secontrade.com\/blog\/wp-content\/uploads\/2023\/08\/1.013_News-Beitrag.jpg","keywords":["Events","Innovativ","Kreislaufwirtschaft","Messe","Nachhaltig"],"inLanguage":"de","potentialAction":[{"@type":"CommentAction","name":"Comment","target":["https:\/\/secontrade.com\/blog\/2023\/07\/04\/secontrade-bei-der-e-waste-world-2023\/#respond"]}]},{"@type":"WebPage","@id":"https:\/\/secontrade.com\/blog\/2023\/07\/04\/secontrade-bei-der-e-waste-world-2023\/","url":"https:\/\/secontrade.com\/blog\/2023\/07\/04\/secontrade-bei-der-e-waste-world-2023\/","name":"SECONTRADE bei der \u201eE-Waste World 2023\u201c - SECONTRADE Blog","isPartOf":{"@id":"https:\/\/secontrade.com\/blog\/#website"},"primaryImageOfPage":{"@id":"https:\/\/secontrade.com\/blog\/2023\/07\/04\/secontrade-bei-der-e-waste-world-2023\/#primaryimage"},"image":{"@id":"https:\/\/secontrade.com\/blog\/2023\/07\/04\/secontrade-bei-der-e-waste-world-2023\/#primaryimage"},"thumbnailUrl":"https:\/\/secontrade.com\/blog\/wp-content\/uploads\/2023\/08\/1.013_News-Beitrag.jpg","datePublished":"2023-07-04T09:38:49+00:00","dateModified":"2025-08-01T08:57:24+00:00","description":"Bereits zum dritten Mal fand die \u201eE-Waste World Conference und Expo\u201c, Europas gr\u00f6\u00dfte Konferenz und Messe f\u00fcr E-Waste, von 28.-29. Juni in Frankfurt statt. SECONTRADE war bei dem Branchenevent als Aussteller vor Ort, um die Zukunft des Elektronikrecyclings in ...","breadcrumb":{"@id":"https:\/\/secontrade.com\/blog\/2023\/07\/04\/secontrade-bei-der-e-waste-world-2023\/#breadcrumb"},"inLanguage":"de","potentialAction":[{"@type":"ReadAction","target":["https:\/\/secontrade.com\/blog\/2023\/07\/04\/secontrade-bei-der-e-waste-world-2023\/"]}]},{"@type":"ImageObject","inLanguage":"de","@id":"https:\/\/secontrade.com\/blog\/2023\/07\/04\/secontrade-bei-der-e-waste-world-2023\/#primaryimage","url":"https:\/\/secontrade.com\/blog\/wp-content\/uploads\/2023\/08\/1.013_News-Beitrag.jpg","contentUrl":"https:\/\/secontrade.com\/blog\/wp-content\/uploads\/2023\/08\/1.013_News-Beitrag.jpg","width":1232,"height":924},{"@type":"BreadcrumbList","@id":"https:\/\/secontrade.com\/blog\/2023\/07\/04\/secontrade-bei-der-e-waste-world-2023\/#breadcrumb","itemListElement":[{"@type":"ListItem","position":1,"name":"Startseite","item":"https:\/\/secontrade.com\/blog\/en\/"},{"@type":"ListItem","position":2,"name":"SECONTRADE bei der \u201eE-Waste World 2023\u201c"}]},{"@type":"WebSite","@id":"https:\/\/secontrade.com\/blog\/#website","url":"https:\/\/secontrade.com\/blog\/","name":"SECONTRADE Blog","description":"Sekund\u00e4r-Rohstoff-Handel","publisher":{"@id":"https:\/\/secontrade.com\/blog\/#organization"},"potentialAction":[{"@type":"SearchAction","target":{"@type":"EntryPoint","urlTemplate":"https:\/\/secontrade.com\/blog\/?s={search_term_string}"},"query-input":{"@type":"PropertyValueSpecification","valueRequired":true,"valueName":"search_term_string"}}],"inLanguage":"de"},{"@type":"Organization","@id":"https:\/\/secontrade.com\/blog\/#organization","name":"SECONTRADE","url":"https:\/\/secontrade.com\/blog\/","logo":{"@type":"ImageObject","inLanguage":"de","@id":"https:\/\/secontrade.com\/blog\/#\/schema\/logo\/image\/","url":"https:\/\/secontrade.com\/blog\/wp-content\/uploads\/2018\/11\/Secontrade_Logo.jpg","contentUrl":"https:\/\/secontrade.com\/blog\/wp-content\/uploads\/2018\/11\/Secontrade_Logo.jpg","width":1587,"height":609,"caption":"SECONTRADE"},"image":{"@id":"https:\/\/secontrade.com\/blog\/#\/schema\/logo\/image\/"},"sameAs":["https:\/\/www.linkedin.com\/company\/secontrade-gmbh\/"]},{"@type":"Person","@id":"https:\/\/secontrade.com\/blog\/#\/schema\/person\/ed53e5e8ebc9796b04df8a01518cb1af","name":"Stephanie Zsifkovits","sameAs":["http:\/\/www.secontrade.com"],"url":"https:\/\/secontrade.com\/blog\/author\/secontrade\/"}]}},"_links":{"self":[{"href":"https:\/\/secontrade.com\/blog\/wp-json\/wp\/v2\/posts\/1039","targetHints":{"allow":["GET"]}}],"collection":[{"href":"https:\/\/secontrade.com\/blog\/wp-json\/wp\/v2\/posts"}],"about":[{"href":"https:\/\/secontrade.com\/blog\/wp-json\/wp\/v2\/types\/post"}],"author":[{"embeddable":true,"href":"https:\/\/secontrade.com\/blog\/wp-json\/wp\/v2\/users\/2"}],"replies":[{"embeddable":true,"href":"https:\/\/secontrade.com\/blog\/wp-json\/wp\/v2\/comments?post=1039"}],"version-history":[{"count":11,"href":"https:\/\/secontrade.com\/blog\/wp-json\/wp\/v2\/posts\/1039\/revisions"}],"predecessor-version":[{"id":1340,"href":"https:\/\/secontrade.com\/blog\/wp-json\/wp\/v2\/posts\/1039\/revisions\/1340"}],"wp:featuredmedia":[{"embeddable":true,"href":"https:\/\/secontrade.com\/blog\/wp-json\/wp\/v2\/media\/1041"}],"wp:attachment":[{"href":"https:\/\/secontrade.com\/blog\/wp-json\/wp\/v2\/media?parent=1039"}],"wp:term":[{"taxonomy":"category","embeddable":true,"href":"https:\/\/secontrade.com\/blog\/wp-json\/wp\/v2\/categories?post=1039"},{"taxonomy":"post_tag","embeddable":true,"href":"https:\/\/secontrade.com\/blog\/wp-json\/wp\/v2\/tags?post=1039"}],"curies":[{"name":"wp","href":"https:\/\/api.w.org\/{rel}","templated":true}]}}