{"id":101,"date":"2018-11-09T11:27:49","date_gmt":"2018-11-09T10:27:49","guid":{"rendered":"https:\/\/secontrade.com\/blog\/?p=101"},"modified":"2023-01-11T16:33:28","modified_gmt":"2023-01-11T15:33:28","slug":"secontrade-ecomondo-rimini-2018","status":"publish","type":"post","link":"https:\/\/secontrade.com\/blog\/2018\/11\/09\/secontrade-ecomondo-rimini-2018\/","title":{"rendered":"SECONTRADE zu Besuch bei der Ecomondo 2018"},"content":{"rendered":"<h3><strong>SECONTRADE bei der Ecomondo 2018 in Rimini<\/strong><\/h3>\n<p>SECONTRADE-Gesch\u00e4ftsf\u00fchrerin Brigitte Reich und UFH-Gesch\u00e4ftsf\u00fchrerin Marion Mitsch besuchten am 07.11.2018 Europas gr\u00f6\u00dfte Expo f\u00fcr Kreislaufwirtschaft und Nachhaltigkeit: <a href=\"https:\/\/www.ecomondo.com\/\">Die Ecomondo 2018 in Rimini<\/a>. Bei \u00fcber 1.300 Besuchern tauschen sich Frau Reich und Frau Mitsch \u00fcber Neuigkeiten aus der Branche aus, pflegen das bestehende Netzwerk und holen sich Informationen zu allen relevanten Fraktionen.<\/p>\n<h3><strong>Italien: Kreislaufwirtschaft und Energieeffizienz<\/strong><\/h3>\n<p>Im Sommer ist Rimini als Badeparadies und f\u00fcr die Str\u00e4nde bekannt. Im November hingegen findet die gr\u00f6\u00dfte Umwelt-Messe in Europa statt.\u00a0Abseits der Hochsaison bildet die Stadt Europas wichtigsten Knotenpunkt f\u00fcr Recycling, Sekund\u00e4r-Rohstoffe und Kreislaufwirtschaft. Rimini als Standort f\u00fcr die Ecomondo ist wurde bewusst gew\u00e4hlt, da Italien zu den f\u00fchrenden L\u00e4ndern im Bereich der Kreislaufwirtschaft z\u00e4hlt. Au\u00dferdem hat sich das Land hinsichtlich Energieeffizienz, Recycling und Ressourceneffektivit\u00e4t etabliert. Inmitten der internationalen Aussteller dient die Messe als Referenzpunkt. Die f\u00fchrenden Unternehmen Europas treffen sich und diskutieren Trends und neue Technologien.<\/p>\n<h3>Zukunft in Europa<\/h3>\n<p>Kreislaufwirtschaft ist in aller Munde. Und das nicht nur in \u00d6sterreich und Italien, sondern in ganz Europa. Laut der europ\u00e4ischen Kommission kann die industrielle Ausrichtung an den Prozess der Kreislaufwirtschaft vieles Bewirken. Bis 2030 wird die R\u00fcckgewinnung von Rohstoffen, kombiniert mit Verbesserungen in Planung von Material, Produkten und industriellen Prozessen besonders forciert. Dadurch sollen 30% weniger Rohstoffe verbraucht und der Aussto\u00df von Treibhausgasen bis 2030 europaweit halbiert werden. Au\u00dferdem wird ein BIP-Wachstum von 5% erwartet, sowie eine Million neue Arbeitspl\u00e4tze <em>(Quelle: http:\/\/ecomondo.com).<\/em><\/p>\n<h3><strong>SECONTRADE und die Ecomondo<\/strong><\/h3>\n<p>Zusammengefasst handelt die Ecomondo von der effizienten Verwendung von Ressourcen. Weiters sind alle Bereiche wie Recycling, M\u00fcllsammlung, M\u00fclltransport und Rohstoffr\u00fcckgewinnung abgedeckt. Als Plattform, die Anbieter und Nachfrager von Sekund\u00e4r-Rohstoffen zusammenbringt, kann SECONTRADE bei der Einhaltung der <a href=\"https:\/\/secontrade.com\/blog\/2018\/09\/22\/von-re-use-zu-recycling-kreislaufwirtschaft-in-europa\/\">Kreislaufwirtschaft<\/a> behilflich sein. Unternehmen, die bis dato nur mit Prim\u00e4r-Rohstoffen gearbeitet haben, wird der Umstieg und das Einspeisen von Sekund\u00e4r-Rohstoffen erheblich erleichtert. Interessenten k\u00f6nnen aus einem Pool an verschiedenen Verk\u00e4ufern w\u00e4hlen. Dadurch wird der Vergleich der Anbieter erheblich erleichtert. <em>\u201eDie Ecomondo war beeindruckend! Wir haben interessante Unternehmen der Recyclingbranche kennen gelernt und viele Kontakte gekn\u00fcpft\u201c, <\/em>fasst Brigitte Reich zusammen.<\/p>\n<div id=\"attachment_105\" style=\"width: 459px\" class=\"wp-caption alignnone\"><img loading=\"lazy\" decoding=\"async\" aria-describedby=\"caption-attachment-105\" class=\"size-large wp-image-105\" src=\"https:\/\/secontrade.com\/blog\/wp-content\/uploads\/2018\/11\/IMG_0080_1-449x304.jpg\" alt=\"\" width=\"449\" height=\"304\" \/><p id=\"caption-attachment-105\" class=\"wp-caption-text\"><em>Marion Mitsch (links) und Brigitte Reich (rechts) bei der Ecomondo in Rimini.<\/em><\/p><\/div>\n","protected":false},"excerpt":{"rendered":"<p>SECONTRADE bei der Ecomondo 2018 in Rimini. SECONTRADE-Gesch\u00e4ftsf\u00fchrerin Brigitte Reich und UFH-Gesch\u00e4ftsf\u00fchrerin Marion Mitsch besuchten am 07.11.2018 Europas gr\u00f6\u00dfte Expo f\u00fcr &#8230;<\/p>\n","protected":false},"author":1,"featured_media":576,"comment_status":"open","ping_status":"closed","sticky":false,"template":"","format":"standard","meta":{"footnotes":""},"categories":[1],"tags":[],"class_list":["post-101","post","type-post","status-publish","format-standard","has-post-thumbnail","hentry","category-allgemein"],"polylang_current_lang":"de_DE","polylang_translations":[{"locale":"de_DE","id":101}],"featured_image_src":"https:\/\/secontrade.com\/blog\/wp-content\/uploads\/2018\/11\/Beitragsbild_Blog-neu-290x220.jpg","yoast_head":"<!-- This site is optimized with the Yoast SEO plugin v27.4 - https:\/\/yoast.com\/product\/yoast-seo-wordpress\/ -->\n<title>SECONTRADE Blog | Zu Besuch bei der Ecomondo 2018 in Rimini<\/title>\n<meta name=\"description\" content=\"Die Ecomondo in Rimini ist Europas gr\u00f6\u00dfte Messe zu den Themen Umweltschutz, Recycling, Kreislaufwirtschaft und alternative Energiegewinnung.\" \/>\n<meta name=\"robots\" content=\"index, follow, max-snippet:-1, max-image-preview:large, max-video-preview:-1\" \/>\n<link rel=\"canonical\" href=\"https:\/\/secontrade.com\/blog\/2018\/11\/09\/secontrade-ecomondo-rimini-2018\/\" \/>\n<meta property=\"og:locale\" content=\"de_DE\" \/>\n<meta property=\"og:type\" content=\"article\" \/>\n<meta property=\"og:title\" content=\"SECONTRADE Blog | Zu Besuch bei der Ecomondo 2018 in Rimini\" \/>\n<meta property=\"og:description\" content=\"Die Ecomondo in Rimini ist Europas gr\u00f6\u00dfte Messe zu den Themen Umweltschutz, Recycling, Kreislaufwirtschaft und alternative Energiegewinnung.\" \/>\n<meta property=\"og:url\" content=\"https:\/\/secontrade.com\/blog\/2018\/11\/09\/secontrade-ecomondo-rimini-2018\/\" \/>\n<meta property=\"og:site_name\" content=\"SECONTRADE Blog\" \/>\n<meta property=\"article:published_time\" content=\"2018-11-09T10:27:49+00:00\" \/>\n<meta property=\"article:modified_time\" content=\"2023-01-11T15:33:28+00:00\" \/>\n<meta property=\"og:image\" content=\"https:\/\/secontrade.com\/blog\/wp-content\/uploads\/2018\/11\/Beitragsbild_Blog-neu-scaled.jpg\" \/>\n\t<meta property=\"og:image:width\" content=\"2560\" \/>\n\t<meta property=\"og:image:height\" content=\"1920\" \/>\n\t<meta property=\"og:image:type\" content=\"image\/jpeg\" \/>\n<meta name=\"author\" content=\"2nd-trader-one\" \/>\n<meta name=\"twitter:card\" content=\"summary_large_image\" \/>\n<meta name=\"twitter:label1\" content=\"Verfasst von\" \/>\n\t<meta name=\"twitter:data1\" content=\"2nd-trader-one\" \/>\n\t<meta name=\"twitter:label2\" content=\"Gesch\u00e4tzte Lesezeit\" \/>\n\t<meta name=\"twitter:data2\" content=\"3\u00a0Minuten\" \/>\n<script type=\"application\/ld+json\" class=\"yoast-schema-graph\">{\"@context\":\"https:\\\/\\\/schema.org\",\"@graph\":[{\"@type\":\"Article\",\"@id\":\"https:\\\/\\\/secontrade.com\\\/blog\\\/2018\\\/11\\\/09\\\/secontrade-ecomondo-rimini-2018\\\/#article\",\"isPartOf\":{\"@id\":\"https:\\\/\\\/secontrade.com\\\/blog\\\/2018\\\/11\\\/09\\\/secontrade-ecomondo-rimini-2018\\\/\"},\"author\":{\"name\":\"2nd-trader-one\",\"@id\":\"https:\\\/\\\/secontrade.com\\\/blog\\\/#\\\/schema\\\/person\\\/d428b763799c0dcf6c1663e3d4fdf231\"},\"headline\":\"SECONTRADE zu Besuch bei der Ecomondo 2018\",\"datePublished\":\"2018-11-09T10:27:49+00:00\",\"dateModified\":\"2023-01-11T15:33:28+00:00\",\"mainEntityOfPage\":{\"@id\":\"https:\\\/\\\/secontrade.com\\\/blog\\\/2018\\\/11\\\/09\\\/secontrade-ecomondo-rimini-2018\\\/\"},\"wordCount\":386,\"commentCount\":0,\"publisher\":{\"@id\":\"https:\\\/\\\/secontrade.com\\\/blog\\\/#organization\"},\"image\":{\"@id\":\"https:\\\/\\\/secontrade.com\\\/blog\\\/2018\\\/11\\\/09\\\/secontrade-ecomondo-rimini-2018\\\/#primaryimage\"},\"thumbnailUrl\":\"https:\\\/\\\/secontrade.com\\\/blog\\\/wp-content\\\/uploads\\\/2018\\\/11\\\/Beitragsbild_Blog-neu-scaled.jpg\",\"inLanguage\":\"de\",\"potentialAction\":[{\"@type\":\"CommentAction\",\"name\":\"Comment\",\"target\":[\"https:\\\/\\\/secontrade.com\\\/blog\\\/2018\\\/11\\\/09\\\/secontrade-ecomondo-rimini-2018\\\/#respond\"]}]},{\"@type\":\"WebPage\",\"@id\":\"https:\\\/\\\/secontrade.com\\\/blog\\\/2018\\\/11\\\/09\\\/secontrade-ecomondo-rimini-2018\\\/\",\"url\":\"https:\\\/\\\/secontrade.com\\\/blog\\\/2018\\\/11\\\/09\\\/secontrade-ecomondo-rimini-2018\\\/\",\"name\":\"SECONTRADE Blog | Zu Besuch bei der Ecomondo 2018 in Rimini\",\"isPartOf\":{\"@id\":\"https:\\\/\\\/secontrade.com\\\/blog\\\/#website\"},\"primaryImageOfPage\":{\"@id\":\"https:\\\/\\\/secontrade.com\\\/blog\\\/2018\\\/11\\\/09\\\/secontrade-ecomondo-rimini-2018\\\/#primaryimage\"},\"image\":{\"@id\":\"https:\\\/\\\/secontrade.com\\\/blog\\\/2018\\\/11\\\/09\\\/secontrade-ecomondo-rimini-2018\\\/#primaryimage\"},\"thumbnailUrl\":\"https:\\\/\\\/secontrade.com\\\/blog\\\/wp-content\\\/uploads\\\/2018\\\/11\\\/Beitragsbild_Blog-neu-scaled.jpg\",\"datePublished\":\"2018-11-09T10:27:49+00:00\",\"dateModified\":\"2023-01-11T15:33:28+00:00\",\"description\":\"Die Ecomondo in Rimini ist Europas gr\u00f6\u00dfte Messe zu den Themen Umweltschutz, Recycling, Kreislaufwirtschaft und alternative Energiegewinnung.\",\"breadcrumb\":{\"@id\":\"https:\\\/\\\/secontrade.com\\\/blog\\\/2018\\\/11\\\/09\\\/secontrade-ecomondo-rimini-2018\\\/#breadcrumb\"},\"inLanguage\":\"de\",\"potentialAction\":[{\"@type\":\"ReadAction\",\"target\":[\"https:\\\/\\\/secontrade.com\\\/blog\\\/2018\\\/11\\\/09\\\/secontrade-ecomondo-rimini-2018\\\/\"]}]},{\"@type\":\"ImageObject\",\"inLanguage\":\"de\",\"@id\":\"https:\\\/\\\/secontrade.com\\\/blog\\\/2018\\\/11\\\/09\\\/secontrade-ecomondo-rimini-2018\\\/#primaryimage\",\"url\":\"https:\\\/\\\/secontrade.com\\\/blog\\\/wp-content\\\/uploads\\\/2018\\\/11\\\/Beitragsbild_Blog-neu-scaled.jpg\",\"contentUrl\":\"https:\\\/\\\/secontrade.com\\\/blog\\\/wp-content\\\/uploads\\\/2018\\\/11\\\/Beitragsbild_Blog-neu-scaled.jpg\",\"width\":1232,\"height\":924},{\"@type\":\"BreadcrumbList\",\"@id\":\"https:\\\/\\\/secontrade.com\\\/blog\\\/2018\\\/11\\\/09\\\/secontrade-ecomondo-rimini-2018\\\/#breadcrumb\",\"itemListElement\":[{\"@type\":\"ListItem\",\"position\":1,\"name\":\"Startseite\",\"item\":\"https:\\\/\\\/secontrade.com\\\/blog\\\/en\\\/\"},{\"@type\":\"ListItem\",\"position\":2,\"name\":\"SECONTRADE zu Besuch bei der Ecomondo 2018\"}]},{\"@type\":\"WebSite\",\"@id\":\"https:\\\/\\\/secontrade.com\\\/blog\\\/#website\",\"url\":\"https:\\\/\\\/secontrade.com\\\/blog\\\/\",\"name\":\"SECONTRADE Blog\",\"description\":\"Sekund\u00e4r-Rohstoff-Handel\",\"publisher\":{\"@id\":\"https:\\\/\\\/secontrade.com\\\/blog\\\/#organization\"},\"potentialAction\":[{\"@type\":\"SearchAction\",\"target\":{\"@type\":\"EntryPoint\",\"urlTemplate\":\"https:\\\/\\\/secontrade.com\\\/blog\\\/?s={search_term_string}\"},\"query-input\":{\"@type\":\"PropertyValueSpecification\",\"valueRequired\":true,\"valueName\":\"search_term_string\"}}],\"inLanguage\":\"de\"},{\"@type\":\"Organization\",\"@id\":\"https:\\\/\\\/secontrade.com\\\/blog\\\/#organization\",\"name\":\"SECONTRADE\",\"url\":\"https:\\\/\\\/secontrade.com\\\/blog\\\/\",\"logo\":{\"@type\":\"ImageObject\",\"inLanguage\":\"de\",\"@id\":\"https:\\\/\\\/secontrade.com\\\/blog\\\/#\\\/schema\\\/logo\\\/image\\\/\",\"url\":\"https:\\\/\\\/secontrade.com\\\/blog\\\/wp-content\\\/uploads\\\/2018\\\/11\\\/Secontrade_Logo.jpg\",\"contentUrl\":\"https:\\\/\\\/secontrade.com\\\/blog\\\/wp-content\\\/uploads\\\/2018\\\/11\\\/Secontrade_Logo.jpg\",\"width\":1587,\"height\":609,\"caption\":\"SECONTRADE\"},\"image\":{\"@id\":\"https:\\\/\\\/secontrade.com\\\/blog\\\/#\\\/schema\\\/logo\\\/image\\\/\"},\"sameAs\":[\"https:\\\/\\\/www.linkedin.com\\\/company\\\/secontrade-gmbh\\\/\"]},{\"@type\":\"Person\",\"@id\":\"https:\\\/\\\/secontrade.com\\\/blog\\\/#\\\/schema\\\/person\\\/d428b763799c0dcf6c1663e3d4fdf231\",\"name\":\"2nd-trader-one\",\"url\":\"https:\\\/\\\/secontrade.com\\\/blog\\\/author\\\/2nd-trader-one\\\/\"}]}<\/script>\n<!-- \/ Yoast SEO plugin. -->","yoast_head_json":{"title":"SECONTRADE Blog | Zu Besuch bei der Ecomondo 2018 in Rimini","description":"Die Ecomondo in Rimini ist Europas gr\u00f6\u00dfte Messe zu den Themen Umweltschutz, Recycling, Kreislaufwirtschaft und alternative Energiegewinnung.","robots":{"index":"index","follow":"follow","max-snippet":"max-snippet:-1","max-image-preview":"max-image-preview:large","max-video-preview":"max-video-preview:-1"},"canonical":"https:\/\/secontrade.com\/blog\/2018\/11\/09\/secontrade-ecomondo-rimini-2018\/","og_locale":"de_DE","og_type":"article","og_title":"SECONTRADE Blog | Zu Besuch bei der Ecomondo 2018 in Rimini","og_description":"Die Ecomondo in Rimini ist Europas gr\u00f6\u00dfte Messe zu den Themen Umweltschutz, Recycling, Kreislaufwirtschaft und alternative Energiegewinnung.","og_url":"https:\/\/secontrade.com\/blog\/2018\/11\/09\/secontrade-ecomondo-rimini-2018\/","og_site_name":"SECONTRADE Blog","article_published_time":"2018-11-09T10:27:49+00:00","article_modified_time":"2023-01-11T15:33:28+00:00","og_image":[{"width":2560,"height":1920,"url":"https:\/\/secontrade.com\/blog\/wp-content\/uploads\/2018\/11\/Beitragsbild_Blog-neu-scaled.jpg","type":"image\/jpeg"}],"author":"2nd-trader-one","twitter_card":"summary_large_image","twitter_misc":{"Verfasst von":"2nd-trader-one","Gesch\u00e4tzte Lesezeit":"3\u00a0Minuten"},"schema":{"@context":"https:\/\/schema.org","@graph":[{"@type":"Article","@id":"https:\/\/secontrade.com\/blog\/2018\/11\/09\/secontrade-ecomondo-rimini-2018\/#article","isPartOf":{"@id":"https:\/\/secontrade.com\/blog\/2018\/11\/09\/secontrade-ecomondo-rimini-2018\/"},"author":{"name":"2nd-trader-one","@id":"https:\/\/secontrade.com\/blog\/#\/schema\/person\/d428b763799c0dcf6c1663e3d4fdf231"},"headline":"SECONTRADE zu Besuch bei der Ecomondo 2018","datePublished":"2018-11-09T10:27:49+00:00","dateModified":"2023-01-11T15:33:28+00:00","mainEntityOfPage":{"@id":"https:\/\/secontrade.com\/blog\/2018\/11\/09\/secontrade-ecomondo-rimini-2018\/"},"wordCount":386,"commentCount":0,"publisher":{"@id":"https:\/\/secontrade.com\/blog\/#organization"},"image":{"@id":"https:\/\/secontrade.com\/blog\/2018\/11\/09\/secontrade-ecomondo-rimini-2018\/#primaryimage"},"thumbnailUrl":"https:\/\/secontrade.com\/blog\/wp-content\/uploads\/2018\/11\/Beitragsbild_Blog-neu-scaled.jpg","inLanguage":"de","potentialAction":[{"@type":"CommentAction","name":"Comment","target":["https:\/\/secontrade.com\/blog\/2018\/11\/09\/secontrade-ecomondo-rimini-2018\/#respond"]}]},{"@type":"WebPage","@id":"https:\/\/secontrade.com\/blog\/2018\/11\/09\/secontrade-ecomondo-rimini-2018\/","url":"https:\/\/secontrade.com\/blog\/2018\/11\/09\/secontrade-ecomondo-rimini-2018\/","name":"SECONTRADE Blog | Zu Besuch bei der Ecomondo 2018 in Rimini","isPartOf":{"@id":"https:\/\/secontrade.com\/blog\/#website"},"primaryImageOfPage":{"@id":"https:\/\/secontrade.com\/blog\/2018\/11\/09\/secontrade-ecomondo-rimini-2018\/#primaryimage"},"image":{"@id":"https:\/\/secontrade.com\/blog\/2018\/11\/09\/secontrade-ecomondo-rimini-2018\/#primaryimage"},"thumbnailUrl":"https:\/\/secontrade.com\/blog\/wp-content\/uploads\/2018\/11\/Beitragsbild_Blog-neu-scaled.jpg","datePublished":"2018-11-09T10:27:49+00:00","dateModified":"2023-01-11T15:33:28+00:00","description":"Die Ecomondo in Rimini ist Europas gr\u00f6\u00dfte Messe zu den Themen Umweltschutz, Recycling, Kreislaufwirtschaft und alternative Energiegewinnung.","breadcrumb":{"@id":"https:\/\/secontrade.com\/blog\/2018\/11\/09\/secontrade-ecomondo-rimini-2018\/#breadcrumb"},"inLanguage":"de","potentialAction":[{"@type":"ReadAction","target":["https:\/\/secontrade.com\/blog\/2018\/11\/09\/secontrade-ecomondo-rimini-2018\/"]}]},{"@type":"ImageObject","inLanguage":"de","@id":"https:\/\/secontrade.com\/blog\/2018\/11\/09\/secontrade-ecomondo-rimini-2018\/#primaryimage","url":"https:\/\/secontrade.com\/blog\/wp-content\/uploads\/2018\/11\/Beitragsbild_Blog-neu-scaled.jpg","contentUrl":"https:\/\/secontrade.com\/blog\/wp-content\/uploads\/2018\/11\/Beitragsbild_Blog-neu-scaled.jpg","width":1232,"height":924},{"@type":"BreadcrumbList","@id":"https:\/\/secontrade.com\/blog\/2018\/11\/09\/secontrade-ecomondo-rimini-2018\/#breadcrumb","itemListElement":[{"@type":"ListItem","position":1,"name":"Startseite","item":"https:\/\/secontrade.com\/blog\/en\/"},{"@type":"ListItem","position":2,"name":"SECONTRADE zu Besuch bei der Ecomondo 2018"}]},{"@type":"WebSite","@id":"https:\/\/secontrade.com\/blog\/#website","url":"https:\/\/secontrade.com\/blog\/","name":"SECONTRADE Blog","description":"Sekund\u00e4r-Rohstoff-Handel","publisher":{"@id":"https:\/\/secontrade.com\/blog\/#organization"},"potentialAction":[{"@type":"SearchAction","target":{"@type":"EntryPoint","urlTemplate":"https:\/\/secontrade.com\/blog\/?s={search_term_string}"},"query-input":{"@type":"PropertyValueSpecification","valueRequired":true,"valueName":"search_term_string"}}],"inLanguage":"de"},{"@type":"Organization","@id":"https:\/\/secontrade.com\/blog\/#organization","name":"SECONTRADE","url":"https:\/\/secontrade.com\/blog\/","logo":{"@type":"ImageObject","inLanguage":"de","@id":"https:\/\/secontrade.com\/blog\/#\/schema\/logo\/image\/","url":"https:\/\/secontrade.com\/blog\/wp-content\/uploads\/2018\/11\/Secontrade_Logo.jpg","contentUrl":"https:\/\/secontrade.com\/blog\/wp-content\/uploads\/2018\/11\/Secontrade_Logo.jpg","width":1587,"height":609,"caption":"SECONTRADE"},"image":{"@id":"https:\/\/secontrade.com\/blog\/#\/schema\/logo\/image\/"},"sameAs":["https:\/\/www.linkedin.com\/company\/secontrade-gmbh\/"]},{"@type":"Person","@id":"https:\/\/secontrade.com\/blog\/#\/schema\/person\/d428b763799c0dcf6c1663e3d4fdf231","name":"2nd-trader-one","url":"https:\/\/secontrade.com\/blog\/author\/2nd-trader-one\/"}]}},"_links":{"self":[{"href":"https:\/\/secontrade.com\/blog\/wp-json\/wp\/v2\/posts\/101","targetHints":{"allow":["GET"]}}],"collection":[{"href":"https:\/\/secontrade.com\/blog\/wp-json\/wp\/v2\/posts"}],"about":[{"href":"https:\/\/secontrade.com\/blog\/wp-json\/wp\/v2\/types\/post"}],"author":[{"embeddable":true,"href":"https:\/\/secontrade.com\/blog\/wp-json\/wp\/v2\/users\/1"}],"replies":[{"embeddable":true,"href":"https:\/\/secontrade.com\/blog\/wp-json\/wp\/v2\/comments?post=101"}],"version-history":[{"count":5,"href":"https:\/\/secontrade.com\/blog\/wp-json\/wp\/v2\/posts\/101\/revisions"}],"predecessor-version":[{"id":878,"href":"https:\/\/secontrade.com\/blog\/wp-json\/wp\/v2\/posts\/101\/revisions\/878"}],"wp:featuredmedia":[{"embeddable":true,"href":"https:\/\/secontrade.com\/blog\/wp-json\/wp\/v2\/media\/576"}],"wp:attachment":[{"href":"https:\/\/secontrade.com\/blog\/wp-json\/wp\/v2\/media?parent=101"}],"wp:term":[{"taxonomy":"category","embeddable":true,"href":"https:\/\/secontrade.com\/blog\/wp-json\/wp\/v2\/categories?post=101"},{"taxonomy":"post_tag","embeddable":true,"href":"https:\/\/secontrade.com\/blog\/wp-json\/wp\/v2\/tags?post=101"}],"curies":[{"name":"wp","href":"https:\/\/api.w.org\/{rel}","templated":true}]}}